{"id":25274,"date":"2026-04-27T04:00:57","date_gmt":"2026-04-27T07:00:57","guid":{"rendered":"https:\/\/jornalcorporativo.com.br\/redacao\/enel-contesta-aneel-caducidade-conceshow-sao-paulo\/"},"modified":"2026-04-27T04:00:57","modified_gmt":"2026-04-27T07:00:57","slug":"enel-contesta-aneel-caducidade-conceshow-sao-paulo","status":"publish","type":"post","link":"https:\/\/jornalcorporativo.com.br\/en\/economia\/enel-contesta-aneel-caducidade-conceshow-sao-paulo\/","title":{"rendered":"Enel contesta decis\u00e3o da Aneel sobre caducidade de concess\u00e3o em S\u00e3o Paulo e pede revis\u00e3o de c\u00e1lculos"},"content":{"rendered":"<h2>Disputa entre Enel e Aneel sobre concess\u00e3o em S\u00e3o Paulo<\/h2>\n<p>A Enel apresentou uma contesta\u00e7\u00e3o formal contra os argumentos utilizados pela Ag\u00eancia Nacional de Energia El\u00e9trica (Aneel) para instaurar o processo de caducidade de sua concess\u00e3o em S\u00e3o Paulo. A decis\u00e3o da diretoria da ag\u00eancia, aprovada por unanimidade neste m\u00eas, marca um ponto cr\u00edtico na rela\u00e7\u00e3o entre a distribuidora e o \u00f3rg\u00e3o regulador, abrindo caminho para a poss\u00edvel interrup\u00e7\u00e3o do contrato que mant\u00e9m a empresa operando no estado.<\/p>\n<h2>Defesa apresentada pela concession\u00e1ria<\/h2>\n<p>Com prazo de 30 dias para apresentar sua defesa, a Enel enviou um documento detalhado \u00e0 Aneel solicitando a suspens\u00e3o dos efeitos da decis\u00e3o at\u00e9 que um recurso apresentado pela empresa seja julgado. No texto, a distribuidora alega estar recebendo tratamento discriminat\u00f3rio e inadequado por parte do \u00f3rg\u00e3o regulador. A empresa argumenta que est\u00e1 sendo submetida a um processo com caracter\u00edsticas n\u00e3o ison\u00f4micas, excessivamente rigorosas e sem fundamento legal, com a aplica\u00e7\u00e3o de par\u00e2metros que n\u00e3o constam na regulamenta\u00e7\u00e3o oficial.<\/p>\n<h3>Diverg\u00eancia nos c\u00e1lculos de restabelecimento<\/h3>\n<p>Um dos principais pontos de discord\u00e2ncia entre as partes refere-se aos n\u00fameros de restabelecimento do fornecimento de energia ap\u00f3s o apag\u00e3o ocorrido em dezembro de 2025. Segundo a Enel, 80,2% dos clientes afetados tiveram o servi\u00e7o normalizado em at\u00e9 24 horas ap\u00f3s o incidente. Contudo, a Aneel apresenta dados distintos, afirmando que apenas 67% dos im\u00f3veis conseguiram ter a energia restabelecida no mesmo per\u00edodo. Essa diverg\u00eancia estat\u00edstica \u00e9 fundamental para a an\u00e1lise da adequa\u00e7\u00e3o das respostas operacionais da concession\u00e1ria aos eventos emergenciais.<\/p>\n<h2>Contexto dos problemas de fornecimento<\/h2>\n<p>A decis\u00e3o da Aneel foi fundamentada em uma avalia\u00e7\u00e3o abrangente de eventos clim\u00e1ticos severos que ocorreram durante 2023, 2024 e 2025. Esses epis\u00f3dios resultaram em interrup\u00e7\u00f5es prolongadas no fornecimento de energia el\u00e9trica, afetando milh\u00f5es de consumidores distribu\u00eddos pela regi\u00e3o metropolitana de S\u00e3o Paulo. Os apag\u00f5es sucessivos geraram cr\u00edticas intensas \u00e0 atua\u00e7\u00e3o da distribuidora e mobilizaram autoridades p\u00fablicas e consumidores em torno da quest\u00e3o.<\/p>\n<h3>Plano de recupera\u00e7\u00e3o insuficiente<\/h3>\n<p>A Enel apresentou um Plano de Recupera\u00e7\u00e3o com o objetivo de corrigir as falhas apontadas pelas autoridades regulat\u00f3rias e demonstrar capacidade de melhoria operacional. Entretanto, a \u00e1rea t\u00e9cnica da Aneel concluiu que as medidas adicionadas foram insuficientes para solucionar adequadamente os problemas estruturais identificados. Al\u00e9m do plano t\u00e9cnico, a concession\u00e1ria tamb\u00e9m apresentou manifesta\u00e7\u00f5es e pareceres jur\u00eddicos em sua defesa, mas esses argumentos foram rejeitados pela ag\u00eancia reguladora.<\/p>\n<h2>Processo regulat\u00f3rio em andamento<\/h2>\n<p>Agora, a Aneel analisar\u00e1 a contesta\u00e7\u00e3o apresentada pela Enel e decidir\u00e1 se recomendar\u00e1 ou n\u00e3o a caducidade da concess\u00e3o ao Minist\u00e9rio de Minas e Energia (MME). Este \u00f3rg\u00e3o federal ser\u00e1 respons\u00e1vel pela decis\u00e3o final sobre o futuro contratual entre a distribuidora e o estado de S\u00e3o Paulo. O processo representa um momento decis\u00f3rio importante para o setor el\u00e9trico paulista e para os milh\u00f5es de consumidores dependentes do servi\u00e7o prestado pela empresa.<\/p>","protected":false},"excerpt":{"rendered":"<p>Enel contesta c\u00e1lculos da Aneel sobre apag\u00e3o em SP e pede revis\u00e3o de processo de caducidade de concess\u00e3o. Empresa alega tratamento discriminat\u00f3rio.<\/p>","protected":false},"author":4,"featured_media":25270,"comment_status":"open","ping_status":"open","sticky":false,"template":"","format":"standard","meta":{"_crdt_document":"","footnotes":""},"categories":[4],"tags":[],"class_list":["post-25274","post","type-post","status-publish","format-standard","has-post-thumbnail","hentry","category-economia"],"brizy_media":[],"_links":{"self":[{"href":"https:\/\/jornalcorporativo.com.br\/en\/wp-json\/wp\/v2\/posts\/25274","targetHints":{"allow":["GET"]}}],"collection":[{"href":"https:\/\/jornalcorporativo.com.br\/en\/wp-json\/wp\/v2\/posts"}],"about":[{"href":"https:\/\/jornalcorporativo.com.br\/en\/wp-json\/wp\/v2\/types\/post"}],"author":[{"embeddable":true,"href":"https:\/\/jornalcorporativo.com.br\/en\/wp-json\/wp\/v2\/users\/4"}],"replies":[{"embeddable":true,"href":"https:\/\/jornalcorporativo.com.br\/en\/wp-json\/wp\/v2\/comments?post=25274"}],"version-history":[{"count":0,"href":"https:\/\/jornalcorporativo.com.br\/en\/wp-json\/wp\/v2\/posts\/25274\/revisions"}],"wp:featuredmedia":[{"embeddable":true,"href":"https:\/\/jornalcorporativo.com.br\/en\/wp-json\/wp\/v2\/media\/25270"}],"wp:attachment":[{"href":"https:\/\/jornalcorporativo.com.br\/en\/wp-json\/wp\/v2\/media?parent=25274"}],"wp:term":[{"taxonomy":"category","embeddable":true,"href":"https:\/\/jornalcorporativo.com.br\/en\/wp-json\/wp\/v2\/categories?post=25274"},{"taxonomy":"post_tag","embeddable":true,"href":"https:\/\/jornalcorporativo.com.br\/en\/wp-json\/wp\/v2\/tags?post=25274"}],"curies":[{"name":"wp","href":"https:\/\/api.w.org\/{rel}","templated":true}]}}