{"id":25281,"date":"2026-04-27T08:00:56","date_gmt":"2026-04-27T11:00:56","guid":{"rendered":"https:\/\/jornalcorporativo.com.br\/redacao\/alexandre-nero-paraiso-perdido-globoplay\/"},"modified":"2026-04-27T08:00:56","modified_gmt":"2026-04-27T11:00:56","slug":"alexandre-nero-paraiso-perdido-globoplay","status":"publish","type":"post","link":"https:\/\/jornalcorporativo.com.br\/en\/noticias\/alexandre-nero-paraiso-perdido-globoplay\/","title":{"rendered":"Alexandre Nero \u00e9 escalado para papel central em &#8216;Para\u00edso Perdido&#8217;, nova produ\u00e7\u00e3o original do Globoplay"},"content":{"rendered":"<h2>Alexandre Nero integra elenco de nova novela do Globoplay baseada em Nelson Rodrigues<\/h2>\n<p>O renomado ator Alexandre Nero foi oficialmente convidado para interpretar um dos pap\u00e9is mais importantes da pr\u00f3xima novela do Globoplay, intitulada <strong>&#8220;Para\u00edso Perdido&#8221;<\/strong>. A produ\u00e7\u00e3o promete ser uma adapta\u00e7\u00e3o sofisticada das obras do consagrado dramaturgo Nelson Rodrigues, trazendo cl\u00e1ssicos da literatura brasileira para o formato audiovisual.<\/p>\n<h3>O papel de Werneck na trama<\/h3>\n<p>Nero assumir\u00e1 o papel do <strong>inescrupuloso personagem Werneck<\/strong>, que desempenha fun\u00e7\u00e3o crucial na narrativa como pai de Maria Cec\u00edlia, protagonista da adapta\u00e7\u00e3o que se baseia na obra &#8220;Bonitinha, mas ordin\u00e1ria&#8221;. Este personagem representa um dos pilares dram\u00e1ticos da hist\u00f3ria, oferecendo ao ator a oportunidade de desenvolver uma interpreta\u00e7\u00e3o complexa e multifacetada.<\/p>\n<h3>Trajet\u00f3ria recente do ator<\/h3>\n<p>Este convite chega ap\u00f3s a memor\u00e1vel atua\u00e7\u00e3o de Alexandre Nero em <strong>&#8220;Vale Tudo&#8221;<\/strong>, onde interpretou Marco Aur\u00e9lio e consolidou ainda mais sua posi\u00e7\u00e3o como um dos principais atores da televis\u00e3o brasileira. O profissional possui vasto hist\u00f3rico de personagens marcantes em produ\u00e7\u00f5es de destaque, o que justifica sua sele\u00e7\u00e3o para este projeto ambicioso.<\/p>\n<h2>Detalhes t\u00e9cnicos e cronograma de produ\u00e7\u00e3o<\/h2>\n<p>As grava\u00e7\u00f5es da novela <strong>&#8220;Para\u00edso Perdido&#8221;<\/strong> est\u00e3o programadas para iniciar no m\u00eas de <strong>setembro<\/strong>, com as principais cenas sendo filmadas no <strong>Rio de Janeiro<\/strong>. A dire\u00e7\u00e3o da produ\u00e7\u00e3o ficar\u00e1 sob responsabilidade de <strong>Joana Jabace<\/strong>, reconhecida por sua abordagem criativa e sensibilidade ao trabalhar com material liter\u00e1rio cl\u00e1ssico.<\/p>\n<h3>Expectativas em torno do projeto<\/h3>\n<p>As obras de Nelson Rodrigues s\u00e3o conhecidas por sua complexidade psicol\u00f3gica e profundidade dram\u00e1tica, elementos que prometem resultar em uma produ\u00e7\u00e3o televisiva de alta qualidade. A escolha de Alexandre Nero para um papel t\u00e3o relevante evidencia o comprometimento do Globoplay em oferecer conte\u00fado de excel\u00eancia, reunindo talento consolidado com material liter\u00e1rio de reconhecido valor art\u00edstico.<\/p>\n<p>A novela representa mais um investimento da plataforma em produ\u00e7\u00f5es originais de qualidade cinematogr\u00e1fica, refor\u00e7ando sua posi\u00e7\u00e3o como criadora de conte\u00fado diferenciado no mercado audiovisual brasileiro.<\/p>","protected":false},"excerpt":{"rendered":"<p>Alexandre Nero \u00e9 escalado para papel central em &#8216;Para\u00edso Perdido&#8217;, nova novela do Globoplay baseada em Nelson Rodrigues. Confira detalhes!<\/p>","protected":false},"author":4,"featured_media":25280,"comment_status":"open","ping_status":"open","sticky":false,"template":"","format":"standard","meta":{"_crdt_document":"","footnotes":""},"categories":[269],"tags":[],"class_list":["post-25281","post","type-post","status-publish","format-standard","has-post-thumbnail","hentry","category-noticias"],"brizy_media":[],"_links":{"self":[{"href":"https:\/\/jornalcorporativo.com.br\/en\/wp-json\/wp\/v2\/posts\/25281","targetHints":{"allow":["GET"]}}],"collection":[{"href":"https:\/\/jornalcorporativo.com.br\/en\/wp-json\/wp\/v2\/posts"}],"about":[{"href":"https:\/\/jornalcorporativo.com.br\/en\/wp-json\/wp\/v2\/types\/post"}],"author":[{"embeddable":true,"href":"https:\/\/jornalcorporativo.com.br\/en\/wp-json\/wp\/v2\/users\/4"}],"replies":[{"embeddable":true,"href":"https:\/\/jornalcorporativo.com.br\/en\/wp-json\/wp\/v2\/comments?post=25281"}],"version-history":[{"count":0,"href":"https:\/\/jornalcorporativo.com.br\/en\/wp-json\/wp\/v2\/posts\/25281\/revisions"}],"wp:featuredmedia":[{"embeddable":true,"href":"https:\/\/jornalcorporativo.com.br\/en\/wp-json\/wp\/v2\/media\/25280"}],"wp:attachment":[{"href":"https:\/\/jornalcorporativo.com.br\/en\/wp-json\/wp\/v2\/media?parent=25281"}],"wp:term":[{"taxonomy":"category","embeddable":true,"href":"https:\/\/jornalcorporativo.com.br\/en\/wp-json\/wp\/v2\/categories?post=25281"},{"taxonomy":"post_tag","embeddable":true,"href":"https:\/\/jornalcorporativo.com.br\/en\/wp-json\/wp\/v2\/tags?post=25281"}],"curies":[{"name":"wp","href":"https:\/\/api.w.org\/{rel}","templated":true}]}}