{"id":25282,"date":"2026-04-27T08:00:56","date_gmt":"2026-04-27T11:00:56","guid":{"rendered":"https:\/\/jornalcorporativo.com.br\/redacao\/tony-maleh-empresario-bilionario-franciny-ehlke\/"},"modified":"2026-04-27T08:00:56","modified_gmt":"2026-04-27T11:00:56","slug":"tony-maleh-empresario-bilionario-franciny-ehlke","status":"publish","type":"post","link":"https:\/\/jornalcorporativo.com.br\/en\/noticias\/tony-maleh-empresario-bilionario-franciny-ehlke\/","title":{"rendered":"Tony Maleh: Conhe\u00e7a o Empres\u00e1rio Bilion\u00e1rio Marido de Franciny Ehlke"},"content":{"rendered":"<h2>A Gravidez de Franciny Ehlke com Tony Maleh<\/h2>\n<p>A influenciadora digital Franciny Ehlke, aos 27 anos, compartilhou uma not\u00edcia emocionante com seus seguidores no domingo, dia 26, anunciando que est\u00e1 gr\u00e1vida do primeiro filho. O an\u00fancio foi feito nas redes sociais ao lado de seu marido, o empres\u00e1rio Tony Maleh, em um ensaio fotogr\u00e1fico que marcou o in\u00edcio dessa nova e importante fase do casal. A publica\u00e7\u00e3o rapidamente se tornou viral, gerando repercuss\u00e3o significativa entre amigos, familiares e personalidades do meio digital.<\/p>\n<p>Na legenda da postagem, Franciny Ehlke expressou seus sentimentos de forma po\u00e9tica e direta: &#8220;O amor que come\u00e7ou entre n\u00f3s\u2026 Agora cresce dentro de mim. Estou gr\u00e1vida&#8221;. A mensagem tocou o cora\u00e7\u00e3o de muitos seguidores, que passaram a comentar suas felicita\u00e7\u00f5es e apoio \u00e0 influenciadora nessa jornada que marca um novo cap\u00edtulo em sua vida pessoal.<\/p>\n<h2>Rea\u00e7\u00f5es de Celebridades e Influenciadores<\/h2>\n<p>O an\u00fancio da gravidez recebeu diversas mensagens carinhosas de personalidades conhecidas. O influenciador Lucas Bley foi uma das primeiras pessoas a reagir, expressando sua felicidade genu\u00edna: &#8220;Te amo tanto! Amo sua fam\u00edlia. Agora vai iniciar o maior sonho, sua maior felicidade. \u00c9 o que eu te falei: prepare-se para o maior amor da sua vida&#8221;. Seu marido, Lucas Rangel, tamb\u00e9m demonstrou grande entusiasmo, comentando: &#8220;Eu t\u00f4 t\u00e3o, t\u00e3o, t\u00e3o feliz! A gr\u00e1vida mais linda&#8221;.<\/p>\n<p>Gabi Martins, Bruna Tavares, Mari Saad e Nathalia Valente tamb\u00e9m deixaram suas mensagens de parabeniza\u00e7\u00e3o e b\u00ean\u00e7\u00e3o para a futura m\u00e3e. Essas rea\u00e7\u00f5es demonstram o carinho e o apoio que Franciny recebe da comunidade de influenciadores digitais brasileiros. Alguns coment\u00e1rios revelaram que amigos j\u00e1 conheciam a not\u00edcia com anteced\u00eancia, como indicou Lucas Rangel ao mencionar que finalmente podia compartilhar sua felicidade publicamente.<\/p>\n<h2>O Casamento de Franciny Ehlke e Tony Maleh<\/h2>\n<p>Franciny Ehlke e Tony Maleh formalizaram sua uni\u00e3o em outubro de 2025, em uma cerim\u00f4nia luxuosa realizada em Ravello, na It\u00e1lia. O relacionamento dos dois evoluiu rapidamente: come\u00e7aram a namorar em 2024, ficaram noivos em pouco tempo e logo realizaram o casamento em solo europeu. Durante esse per\u00edodo, o casal se tornou conhecido n\u00e3o apenas pelo romance, mas tamb\u00e9m pelos presentes suntuosos que Tony oferecia a sua esposa.<\/p>\n<p>Os presentes do empres\u00e1rio \u00e0 influenciadora chamaram aten\u00e7\u00e3o da m\u00eddia e dos seguidores, incluindo uma alian\u00e7a avaliada em impressionantes R$ 5,1 milh\u00f5es e at\u00e9 mesmo um helic\u00f3ptero. Esses gestos de luxo refor\u00e7aram a posi\u00e7\u00e3o financeira s\u00f3lida de Tony Maleh no cen\u00e1rio empresarial brasileiro, al\u00e9m de evidenciarem o grau de comprometimento do casal.<\/p>\n<h2>Quem \u00e9 Tony Maleh: Trajet\u00f3ria e Neg\u00f3cios<\/h2>\n<p>Tony Maleh \u00e9 um <strong>empres\u00e1rio discreto nas redes sociais<\/strong>, mas extremamente ativo no setor de neg\u00f3cios. Apesar de sua riqueza e influ\u00eancia financeira, mant\u00e9m um perfil reservado online, com aproximadamente 290 mil seguidores em suas contas. Essa discri\u00e7\u00e3o contrasta com a exposi\u00e7\u00e3o p\u00fablica de seu relacionamento com Franciny Ehlke.<\/p>\n<p>Em termos profissionais, Tony \u00e9 apontado como s\u00f3cio ou fundador de nada menos que <strong>62 empresas<\/strong>, com um faturamento anual estimado em <strong>R$ 1,6 bilh\u00e3o<\/strong>. Seus neg\u00f3cios abrangem diversos setores, consolidando-o como um dos empres\u00e1rios mais bem-sucedidos da atualidade brasileira. Essa trajet\u00f3ria demonstra sua capacidade de gest\u00e3o, inova\u00e7\u00e3o e vis\u00e3o estrat\u00e9gica no mundo corporativo.<\/p>\n<h2>Antecedentes Pessoais e Vida Familiar<\/h2>\n<p>Tony Maleh \u00e9 filho da <strong>ex-Miss Brasil Ana Elisa Flores<\/strong>, o que revela seu hist\u00f3rico familiar ligado a pessoas p\u00fablicas e de destaque. Antes de seu relacionamento com Franciny Ehlke, o empres\u00e1rio foi casado com Renata Maggioni, uma reconhecida corretora de im\u00f3veis de luxo que tamb\u00e9m foi atleta profissional de v\u00f4lei de destaque.<\/p>\n<p>Do casamento anterior com Renata, Tony teve um filho chamado Rafik. O empres\u00e1rio mant\u00e9m uma rela\u00e7\u00e3o harmoniosa com seu filho anterior, compartilhando momentos em redes sociais. Com a gravidez de Franciny, a fam\u00edlia de Tony Maleh se expande ainda mais, criando um contexto familiar ampliado e repleto de afeto.<\/p>\n<p>A hist\u00f3ria de Tony Maleh exemplifica o sucesso empresarial brasileiro contempor\u00e2neo, unindo neg\u00f3cios multimilion\u00e1rios com uma vida pessoal que tamb\u00e9m atrai a aten\u00e7\u00e3o do p\u00fablico, especialmente atrav\u00e9s de seu casamento com Franciny Ehlke e agora com a expectativa da chegada de seu novo filho.<\/p>","protected":false},"excerpt":{"rendered":"<p>Conhe\u00e7a Tony Maleh, empres\u00e1rio bilion\u00e1rio marido de Franciny Ehlke. Saiba sobre seu patrim\u00f4nio, neg\u00f3cios e vida familiar.<\/p>","protected":false},"author":4,"featured_media":25276,"comment_status":"open","ping_status":"open","sticky":false,"template":"","format":"standard","meta":{"_crdt_document":"","footnotes":""},"categories":[269],"tags":[],"class_list":["post-25282","post","type-post","status-publish","format-standard","has-post-thumbnail","hentry","category-noticias"],"brizy_media":[],"_links":{"self":[{"href":"https:\/\/jornalcorporativo.com.br\/en\/wp-json\/wp\/v2\/posts\/25282","targetHints":{"allow":["GET"]}}],"collection":[{"href":"https:\/\/jornalcorporativo.com.br\/en\/wp-json\/wp\/v2\/posts"}],"about":[{"href":"https:\/\/jornalcorporativo.com.br\/en\/wp-json\/wp\/v2\/types\/post"}],"author":[{"embeddable":true,"href":"https:\/\/jornalcorporativo.com.br\/en\/wp-json\/wp\/v2\/users\/4"}],"replies":[{"embeddable":true,"href":"https:\/\/jornalcorporativo.com.br\/en\/wp-json\/wp\/v2\/comments?post=25282"}],"version-history":[{"count":0,"href":"https:\/\/jornalcorporativo.com.br\/en\/wp-json\/wp\/v2\/posts\/25282\/revisions"}],"wp:featuredmedia":[{"embeddable":true,"href":"https:\/\/jornalcorporativo.com.br\/en\/wp-json\/wp\/v2\/media\/25276"}],"wp:attachment":[{"href":"https:\/\/jornalcorporativo.com.br\/en\/wp-json\/wp\/v2\/media?parent=25282"}],"wp:term":[{"taxonomy":"category","embeddable":true,"href":"https:\/\/jornalcorporativo.com.br\/en\/wp-json\/wp\/v2\/categories?post=25282"},{"taxonomy":"post_tag","embeddable":true,"href":"https:\/\/jornalcorporativo.com.br\/en\/wp-json\/wp\/v2\/tags?post=25282"}],"curies":[{"name":"wp","href":"https:\/\/api.w.org\/{rel}","templated":true}]}}