{"id":25283,"date":"2026-04-27T08:00:56","date_gmt":"2026-04-27T11:00:56","guid":{"rendered":"https:\/\/jornalcorporativo.com.br\/redacao\/presidente-venezuela-delcy-rodriguez-barbados-segunda-viagem-internacional\/"},"modified":"2026-04-27T08:00:56","modified_gmt":"2026-04-27T11:00:56","slug":"presidente-venezuela-delcy-rodriguez-barbados-segunda-viagem-internacional","status":"publish","type":"post","link":"https:\/\/jornalcorporativo.com.br\/en\/internacional\/presidente-venezuela-delcy-rodriguez-barbados-segunda-viagem-internacional\/","title":{"rendered":"Presidente Interina da Venezuela, Delcy Rodr\u00edguez, Chega a Barbados em Segunda Viagem Internacional"},"content":{"rendered":"<h2>Visita Diplom\u00e1tica \u00e0 Ilha Caribenha<\/h2>\n<p>A presidente interina da Venezuela, <strong>Delcy Rodr\u00edguez<\/strong>, chegou na noite de domingo \u00e0 ilha caribenha de Barbados para sua segunda viagem internacional desde que assumiu o cargo. Este deslocamento marca um importante movimento diplom\u00e1tico da nova lideran\u00e7a venezuelana no contexto dos recentes acontecimentos pol\u00edticos que culminaram com a deposi\u00e7\u00e3o de Nicol\u00e1s Maduro.<\/p>\n<p>A chegada de Rodr\u00edguez foi transmitida ao vivo pela Venezolana de Televisi\u00f3n (VTV), canal de televis\u00e3o estatal, que registrou o momento em que a presidente interina desembarcou no Aeroporto Internacional Grantley Adams em Barbados. As autoridades locais da ilha, membro pleno da Commonwealth, receberam a delega\u00e7\u00e3o venezuelana com honras protocolares oficiais, demonstrando o reconhecimento diplom\u00e1tico da nova administra\u00e7\u00e3o.<\/p>\n<h2>Contexto das Viagens Internacionais Recentes<\/h2>\n<p>Esta \u00e9 a segunda viagem internacional de Delcy Rodr\u00edguez desde que assumiu a presid\u00eancia interina da Venezuela. Sua primeira visita internacional ocorreu em 9 de abril, quando ela visitou a ilha de Granada, consolidando as rela\u00e7\u00f5es diplom\u00e1ticas caribenhas. Naquela ocasi\u00e3o, Rodr\u00edguez afirmou que atualizaram o &#8220;roteiro&#8221; para os acordos assinados em 2025 entre as autoridades da ilha e o antecessor Nicol\u00e1s Maduro, que agora enfrenta acusa\u00e7\u00f5es de narcotr\u00e1fico nos Estados Unidos.<\/p>\n<p>A sequ\u00eancia de viagens internacionais reflete uma estrat\u00e9gia clara de engajamento diplom\u00e1tico regional, buscando fortalecer alian\u00e7as e demonstrar legitimidade internacional da nova administra\u00e7\u00e3o. As viagens ocorrem sob press\u00e3o significativa da administra\u00e7\u00e3o do presidente <strong>Donald Trump<\/strong>, que mant\u00e9m influ\u00eancia sobre as pol\u00edticas venezuelanas.<\/p>\n<h2>Barbados: Destino Estrat\u00e9gico no Caribe<\/h2>\n<p>Barbados, localizada no sudeste do Mar do Caribe, \u00e9 uma pequena na\u00e7\u00e3o insular com pouco menos de 300 mil habitantes. A ilha \u00e9 famosa internacionalmente por suas <strong>praias paradis\u00edacas<\/strong> e por ser um importante porto de cruzeiros no Atl\u00e2ntico Sul. Al\u00e9m disso, o pa\u00eds funciona como um centro comercial estrat\u00e9gico para a regi\u00e3o caribenha.<\/p>\n<p>A escolha de Barbados como destino da segunda viagem diplom\u00e1tica de Rodr\u00edguez sugere uma aproxima\u00e7\u00e3o cuidadosa com as na\u00e7\u00f5es caribenhas. A visita ocorre em meio a &#8220;expectativas de coopera\u00e7\u00e3o e desenvolvimento&#8221;, conforme informou a televis\u00e3o estatal venezuelana, embora detalhes espec\u00edficos sobre a agenda de trabalho n\u00e3o tenham sido divulgados publicamente.<\/p>\n<h2>Contexto Geopol\u00edtico e Suspens\u00e3o de San\u00e7\u00f5es<\/h2>\n<p>As duas viagens internacionais de Delcy Rodr\u00edguez acontecem em um contexto geopol\u00edtico complexo. Os Estados Unidos suspenderam as san\u00e7\u00f5es contra a Venezuela em 1\u00ba de abril, marcando uma mudan\u00e7a significativa na pol\u00edtica externa americana em rela\u00e7\u00e3o ao pa\u00eds. O presidente Trump declarou estar no comando da Venezuela e da comercializa\u00e7\u00e3o de seu petr\u00f3leo ap\u00f3s a queda de Maduro, refletindo o n\u00edvel de influ\u00eancia norte-americana sobre os acontecimentos regionais.<\/p>\n<p>A agenda de trabalho que Rodr\u00edguez cumprir\u00e1 na segunda-feira em Barbados permanece estrategicamente discreta, permitindo espa\u00e7o para negocia\u00e7\u00f5es reservadas e alinhamentos diplom\u00e1ticos. Estas visitas representam um esfor\u00e7o da lideran\u00e7a venezuelana para estabelecer legitimidade internacional e consolidar parcerias regionais essenciais para a recupera\u00e7\u00e3o econ\u00f4mica e pol\u00edtica do pa\u00eds.<\/p>","protected":false},"excerpt":{"rendered":"<p>Delcy Rodr\u00edguez chega a Barbados para segunda viagem internacional como presidente interina da Venezuela em busca de coopera\u00e7\u00e3o regional.<\/p>","protected":false},"author":4,"featured_media":25277,"comment_status":"open","ping_status":"open","sticky":false,"template":"","format":"standard","meta":{"_crdt_document":"","footnotes":""},"categories":[2],"tags":[],"class_list":["post-25283","post","type-post","status-publish","format-standard","has-post-thumbnail","hentry","category-internacional"],"brizy_media":[],"_links":{"self":[{"href":"https:\/\/jornalcorporativo.com.br\/en\/wp-json\/wp\/v2\/posts\/25283","targetHints":{"allow":["GET"]}}],"collection":[{"href":"https:\/\/jornalcorporativo.com.br\/en\/wp-json\/wp\/v2\/posts"}],"about":[{"href":"https:\/\/jornalcorporativo.com.br\/en\/wp-json\/wp\/v2\/types\/post"}],"author":[{"embeddable":true,"href":"https:\/\/jornalcorporativo.com.br\/en\/wp-json\/wp\/v2\/users\/4"}],"replies":[{"embeddable":true,"href":"https:\/\/jornalcorporativo.com.br\/en\/wp-json\/wp\/v2\/comments?post=25283"}],"version-history":[{"count":0,"href":"https:\/\/jornalcorporativo.com.br\/en\/wp-json\/wp\/v2\/posts\/25283\/revisions"}],"wp:featuredmedia":[{"embeddable":true,"href":"https:\/\/jornalcorporativo.com.br\/en\/wp-json\/wp\/v2\/media\/25277"}],"wp:attachment":[{"href":"https:\/\/jornalcorporativo.com.br\/en\/wp-json\/wp\/v2\/media?parent=25283"}],"wp:term":[{"taxonomy":"category","embeddable":true,"href":"https:\/\/jornalcorporativo.com.br\/en\/wp-json\/wp\/v2\/categories?post=25283"},{"taxonomy":"post_tag","embeddable":true,"href":"https:\/\/jornalcorporativo.com.br\/en\/wp-json\/wp\/v2\/tags?post=25283"}],"curies":[{"name":"wp","href":"https:\/\/api.w.org\/{rel}","templated":true}]}}