{"id":25284,"date":"2026-04-27T08:00:56","date_gmt":"2026-04-27T11:00:56","guid":{"rendered":"https:\/\/jornalcorporativo.com.br\/redacao\/os-donos-do-jogo-temporada-2-niltao-familia-saad\/"},"modified":"2026-04-27T08:00:56","modified_gmt":"2026-04-27T11:00:56","slug":"os-donos-do-jogo-temporada-2-niltao-familia-saad","status":"publish","type":"post","link":"https:\/\/jornalcorporativo.com.br\/en\/noticias\/os-donos-do-jogo-temporada-2-niltao-familia-saad\/","title":{"rendered":"Os Donos do Jogo Temporada 2: Novo Personagem Nilt\u00e3o Integra Fam\u00edlia Saad"},"content":{"rendered":"<h2>Nova Temporada de Os Donos do Jogo Traz Personagem In\u00e9dito para Fam\u00edlia Saad<\/h2>\n<p>A aguardada segunda temporada da s\u00e9rie <strong>Os Donos do Jogo<\/strong> promete trazer mudan\u00e7as significativas no elenco e nas tramas. Um dos personagens novos que integrar\u00e3o a continua\u00e7\u00e3o \u00e9 <strong>Nilt\u00e3o<\/strong>, que trabalhar\u00e1 diretamente para a fam\u00edlia Saad, uma das principais linhas narrativas que ganhar\u00e1 destaque nos pr\u00f3ximos epis\u00f3dios. O personagem ser\u00e1 caracterizado como algu\u00e9m determinado e leal, n\u00e3o medindo esfor\u00e7os para cumprir as ordens recebidas.<\/p>\n<h2>Cronograma de Produ\u00e7\u00e3o e Personagens em Destaque<\/h2>\n<p>As grava\u00e7\u00f5es da nova leva de epis\u00f3dios ter\u00e3o in\u00edcio em junho e se estender\u00e3o at\u00e9 setembro, marcando um per\u00edodo intenso de produ\u00e7\u00e3o para a equipe. Al\u00e9m da introdu\u00e7\u00e3o de Nilt\u00e3o, a s\u00e9rie trar\u00e1 maior enfoque no personagem <strong>Renzo<\/strong>, interpretado por <strong>Bruno Mazzeo<\/strong>, que \u00e9 um importante bicheiro na narrativa. Essa mudan\u00e7a de foco promete aprofundar ainda mais as complexidades do universo do jogo do bicho carioca.<\/p>\n<h2>Retorno do Elenco e Continuidade Narrativa<\/h2>\n<p>O elenco consolidado da primeira temporada retorna com for\u00e7a total para a segunda leva de epis\u00f3dios. <strong>Drico Alves, Mel Maia, Juliana Paes, Giullia Buscacio, Chico Diaz, Pedro Lamin, Adriano Garib e \u00c1gatha Marinho<\/strong> continuar\u00e3o suas performances na s\u00e9rie. O protagonista <strong>Profeta<\/strong>, vivido por <strong>Andr\u00e9 Lamoglia<\/strong>, seguir\u00e1 como centro da trama, agora navegando pelos desafios de sua nova posi\u00e7\u00e3o na hierarquia do crime organizado.<\/p>\n<h2>Desenvolvimento da Trama Principal<\/h2>\n<p>Na conclus\u00e3o da primeira temporada, Profeta alcan\u00e7ou uma posi\u00e7\u00e3o privilegiada, tornando-se integrante da c\u00fapula de contraventores ap\u00f3s enfrentar numerosos advers\u00e1rios e obst\u00e1culos. A segunda temporada explorar\u00e1 os conflitos e dilemas que surgem dessa ascens\u00e3o. A s\u00e9rie, dirigida pelo talentoso <strong>Heitor Dhalia<\/strong>, continua seu mergulho profundo nas disputas pol\u00edticas e criminosas do jogo do bicho no Rio de Janeiro.<\/p>\n<h2>Estrutura e Perspectivas Futuras<\/h2>\n<p>Os produtores e diretores da s\u00e9rie planejaram um total de quatro levas de epis\u00f3dios, indicando um compromisso de longo prazo com a narrativa. Esse formato permite um desenvolvimento mais completo e satisfat\u00f3rio das hist\u00f3rias e personagens. Com a adi\u00e7\u00e3o de novos membros ao elenco e a intensifica\u00e7\u00e3o dos conflitos existentes, a segunda temporada promete ser ainda mais impactante que a estreia da produ\u00e7\u00e3o.<\/p>","protected":false},"excerpt":{"rendered":"<p>Os Donos do Jogo temporada 2 traz novo personagem Nilt\u00e3o para fam\u00edlia Saad. Grava\u00e7\u00f5es de junho a setembro com retorno do elenco completo.<\/p>","protected":false},"author":4,"featured_media":25279,"comment_status":"open","ping_status":"open","sticky":false,"template":"","format":"standard","meta":{"_crdt_document":"","footnotes":""},"categories":[269],"tags":[],"class_list":["post-25284","post","type-post","status-publish","format-standard","has-post-thumbnail","hentry","category-noticias"],"brizy_media":[],"_links":{"self":[{"href":"https:\/\/jornalcorporativo.com.br\/en\/wp-json\/wp\/v2\/posts\/25284","targetHints":{"allow":["GET"]}}],"collection":[{"href":"https:\/\/jornalcorporativo.com.br\/en\/wp-json\/wp\/v2\/posts"}],"about":[{"href":"https:\/\/jornalcorporativo.com.br\/en\/wp-json\/wp\/v2\/types\/post"}],"author":[{"embeddable":true,"href":"https:\/\/jornalcorporativo.com.br\/en\/wp-json\/wp\/v2\/users\/4"}],"replies":[{"embeddable":true,"href":"https:\/\/jornalcorporativo.com.br\/en\/wp-json\/wp\/v2\/comments?post=25284"}],"version-history":[{"count":0,"href":"https:\/\/jornalcorporativo.com.br\/en\/wp-json\/wp\/v2\/posts\/25284\/revisions"}],"wp:featuredmedia":[{"embeddable":true,"href":"https:\/\/jornalcorporativo.com.br\/en\/wp-json\/wp\/v2\/media\/25279"}],"wp:attachment":[{"href":"https:\/\/jornalcorporativo.com.br\/en\/wp-json\/wp\/v2\/media?parent=25284"}],"wp:term":[{"taxonomy":"category","embeddable":true,"href":"https:\/\/jornalcorporativo.com.br\/en\/wp-json\/wp\/v2\/categories?post=25284"},{"taxonomy":"post_tag","embeddable":true,"href":"https:\/\/jornalcorporativo.com.br\/en\/wp-json\/wp\/v2\/tags?post=25284"}],"curies":[{"name":"wp","href":"https:\/\/api.w.org\/{rel}","templated":true}]}}