{"id":25285,"date":"2026-04-27T08:00:56","date_gmt":"2026-04-27T11:00:56","guid":{"rendered":"https:\/\/jornalcorporativo.com.br\/redacao\/alinne-moraes-substitui-doble-alem-do-tempo\/"},"modified":"2026-04-27T08:00:56","modified_gmt":"2026-04-27T11:00:56","slug":"alinne-moraes-substitui-doble-alem-do-tempo","status":"publish","type":"post","link":"https:\/\/jornalcorporativo.com.br\/en\/noticias\/alinne-moraes-substitui-doble-alem-do-tempo\/","title":{"rendered":"Alinne Moraes foi substitu\u00edda por dubl\u00ea em &#8216;Al\u00e9m do Tempo&#8217;: conhe\u00e7a a hist\u00f3ria por tr\u00e1s das grava\u00e7\u00f5es"},"content":{"rendered":"<h2>A Aus\u00eancia de Alinne Moraes nas Grava\u00e7\u00f5es<\/h2>\n<p>A novela <strong>&#8216;Al\u00e9m do Tempo&#8217;<\/strong>, de Elizabeth Jhin, que retorna \u00e0 Globo nesta segunda-feira (27), traz em seu elenco a renomada atriz Alinne Moraes no papel de protagonista. No entanto, poucos f\u00e3s sabem que a artista precisou se afastar brevemente das grava\u00e7\u00f5es da trama por motivos de sa\u00fade, sendo substitu\u00edda temporariamente por uma profissional especializada em dublagem.<\/p>\n<h2>A Crise Renal em Porto Alegre<\/h2>\n<p>Em outubro de 2015, durante as grava\u00e7\u00f5es da novela em Porto Alegre, Alinne Moraes foi internada ap\u00f3s sofrer uma <strong>crise renal<\/strong> que comprometeu seu estado de sa\u00fade. Esse epis\u00f3dio for\u00e7ou a produ\u00e7\u00e3o a buscar uma solu\u00e7\u00e3o imediata para manter o cronograma de grava\u00e7\u00f5es em dia. A solu\u00e7\u00e3o encontrada foi contar com a dubl\u00ea profissional <strong>Jaqueline Danttas<\/strong>, que foi selecionada para substituir a atriz em duas cenas espec\u00edficas da trama.<\/p>\n<h3>Prepara\u00e7\u00e3o e Caracteriza\u00e7\u00e3o da Dubl\u00ea<\/h3>\n<p>Para que a substitui\u00e7\u00e3o fosse impercept\u00edvel ao p\u00fablico, Jaqueline Danttas teve que se caracterizar cuidadosamente. A equipe respons\u00e1vel forneceu uma <strong>peruca<\/strong> para que a dubl\u00ea pudesse reproduzir a cor e o estilo dos cabelos de Alinne Moraes durante aquelas cenas. Essa aten\u00e7\u00e3o aos detalhes foi fundamental para manter a continuidade visual da novela e n\u00e3o comprometer a experi\u00eancia dos telespectadores.<\/p>\n<h3>A Hist\u00f3ria de Jaqueline Danttas<\/h3>\n<p>Jaqueline Danttas, em entrevista concedida \u00e0 colunista Patricia Kogut na \u00e9poca, revelou que frequentemente era comparada com atrizes famosas. <strong>&#8220;Tem gente que diz que eu pare\u00e7o com a Alinne, tem gente que diz que eu pare\u00e7o com a Grazi Massafera&#8221;<\/strong>, afirmou a profissional. Essa semelhan\u00e7a f\u00edsica com Alinne Moraes provavelmente contribuiu para sua sele\u00e7\u00e3o como dubl\u00ea na produ\u00e7\u00e3o.<\/p>\n<h2>Reencontro com Rafael Cardoso<\/h2>\n<p>Um detalhe interessante surgiu durante a participa\u00e7\u00e3o de Jaqueline nas grava\u00e7\u00f5es: ela reencontrou <strong>Rafael Cardoso<\/strong>, int\u00e9rprete do mocinho Felipe na novela. Os dois tinham um hist\u00f3rico em comum, pois estiveram na mesma turma da Oficina de Atores da Globo, em 2006. Esse reencontro adicionou um toque de nostalgia ao processo de grava\u00e7\u00e3o das cenas de dublagem.<\/p>\n<h2>Impacto na Produ\u00e7\u00e3o e Ajustes no Cronograma<\/h2>\n<p>Com a aus\u00eancia tempor\u00e1ria de Alinne Moraes, a produ\u00e7\u00e3o precisou fazer ajustes estrat\u00e9gicos no cronograma de grava\u00e7\u00f5es. Uma passagem de tempo j\u00e1 prevista no enredo original teve de ser adiada at\u00e9 o retorno da atriz aos est\u00fadios. Para n\u00e3o prejudicar a frente de cap\u00edtulos da novela, <strong>a equipe de edi\u00e7\u00e3o esticou momentos decisivos da trama<\/strong>, mantendo a qualidade narrativa e garantindo que nenhuma cena importante fosse prejudicada pela aus\u00eancia tempor\u00e1ria da protagonista.<\/p>\n<p>Essa situa\u00e7\u00e3o exemplifica os desafios enfrentados pela ind\u00fastria de produ\u00e7\u00e3o televisiva quando quest\u00f5es de sa\u00fade surgem durante as grava\u00e7\u00f5es, e como profissionais especializados como dubl\u00eas s\u00e3o fundamentais para garantir a continuidade das produ\u00e7\u00f5es sem comprometer a qualidade final da obra apresentada ao p\u00fablico.<\/p>","protected":false},"excerpt":{"rendered":"<p>Alinne Moraes foi substitu\u00edda por dubl\u00ea em &#8216;Al\u00e9m do Tempo&#8217; ap\u00f3s crise renal em 2015. Conhe\u00e7a os detalhes dessa hist\u00f3ria.<\/p>","protected":false},"author":4,"featured_media":25278,"comment_status":"open","ping_status":"open","sticky":false,"template":"","format":"standard","meta":{"_crdt_document":"","footnotes":""},"categories":[269],"tags":[],"class_list":["post-25285","post","type-post","status-publish","format-standard","has-post-thumbnail","hentry","category-noticias"],"brizy_media":[],"_links":{"self":[{"href":"https:\/\/jornalcorporativo.com.br\/en\/wp-json\/wp\/v2\/posts\/25285","targetHints":{"allow":["GET"]}}],"collection":[{"href":"https:\/\/jornalcorporativo.com.br\/en\/wp-json\/wp\/v2\/posts"}],"about":[{"href":"https:\/\/jornalcorporativo.com.br\/en\/wp-json\/wp\/v2\/types\/post"}],"author":[{"embeddable":true,"href":"https:\/\/jornalcorporativo.com.br\/en\/wp-json\/wp\/v2\/users\/4"}],"replies":[{"embeddable":true,"href":"https:\/\/jornalcorporativo.com.br\/en\/wp-json\/wp\/v2\/comments?post=25285"}],"version-history":[{"count":0,"href":"https:\/\/jornalcorporativo.com.br\/en\/wp-json\/wp\/v2\/posts\/25285\/revisions"}],"wp:featuredmedia":[{"embeddable":true,"href":"https:\/\/jornalcorporativo.com.br\/en\/wp-json\/wp\/v2\/media\/25278"}],"wp:attachment":[{"href":"https:\/\/jornalcorporativo.com.br\/en\/wp-json\/wp\/v2\/media?parent=25285"}],"wp:term":[{"taxonomy":"category","embeddable":true,"href":"https:\/\/jornalcorporativo.com.br\/en\/wp-json\/wp\/v2\/categories?post=25285"},{"taxonomy":"post_tag","embeddable":true,"href":"https:\/\/jornalcorporativo.com.br\/en\/wp-json\/wp\/v2\/tags?post=25285"}],"curies":[{"name":"wp","href":"https:\/\/api.w.org\/{rel}","templated":true}]}}