{"id":25296,"date":"2026-04-27T16:00:54","date_gmt":"2026-04-27T19:00:54","guid":{"rendered":"https:\/\/jornalcorporativo.com.br\/redacao\/viviane-almeida-seguranca-juridica-imersao-evr-alphaville\/"},"modified":"2026-04-27T16:00:54","modified_gmt":"2026-04-27T19:00:54","slug":"viviane-almeida-seguranca-juridica-imersao-evr-alphaville","status":"publish","type":"post","link":"https:\/\/jornalcorporativo.com.br\/en\/empreendedorismo\/viviane-almeida-seguranca-juridica-imersao-evr-alphaville\/","title":{"rendered":"Viviane Almeida revela import\u00e2ncia da seguran\u00e7a jur\u00eddica e estrat\u00e9gia empresarial na Imers\u00e3o EVR em Alphaville"},"content":{"rendered":"<h2>Estrat\u00e9gia e Seguran\u00e7a Jur\u00eddica em Foco na Imers\u00e3o EVR<\/h2>\n<p>A busca por crescimento sustent\u00e1vel e decis\u00f5es mais estrat\u00e9gicas tem impulsionado empres\u00e1rios de todo o pa\u00eds a participarem de ambientes de imers\u00e3o e aprendizado intensivo. A Imers\u00e3o EVR, realizado em Alphaville, S\u00e3o Paulo, congregou grandes nomes do empreendedorismo e especialistas para discutir gest\u00e3o empresarial, expans\u00e3o e seguran\u00e7a nos neg\u00f3cios de forma aprofundada e pr\u00e1tica.<\/p>\n<p>Um dos destaques do evento foi a participa\u00e7\u00e3o da advogada tributarista <strong>Viviane Almeida<\/strong>, profissional com mais de 15 anos de experi\u00eancia na \u00e1rea tribut\u00e1ria. Ela apresentou uma abordagem direto sobre os riscos fiscais e a import\u00e2ncia fundamental de uma estrutura empresarial s\u00f3lida e bem fundamentada. Segundo Viviane, eventos como esse desempenham papel decisivo na transforma\u00e7\u00e3o da mentalidade dos empres\u00e1rios brasileiros.<\/p>\n<h2>O Papel Transformador dos Ambientes de Imers\u00e3o<\/h2>\n<p>Durante sua participa\u00e7\u00e3o, Viviane Almeida enfatizou como esses espa\u00e7os de aprendizado mudam a perspectiva dos empres\u00e1rios. &#8220;Eventos como a Imers\u00e3o EVR tiram o empres\u00e1rio do modo operacional e o colocam em posi\u00e7\u00e3o estrat\u00e9gica. \u00c9 onde ele passa a enxergar riscos, oportunidades e decis\u00f5es com mais clareza, algo essencial para crescer com seguran\u00e7a&#8221;, afirmou a especialista.<\/p>\n<p>A edi\u00e7\u00e3o de Alphaville chamou aten\u00e7\u00e3o especial pelo perfil elevado dos participantes. Viviane observou uma mudan\u00e7a significativa no comportamento dos empres\u00e1rios brasileiros contempor\u00e2neos. &#8220;O que mais me chamou aten\u00e7\u00e3o foi o n\u00edvel de consci\u00eancia. Existe hoje uma busca real por gest\u00e3o profissional, previsibilidade e estrutura, n\u00e3o apenas crescimento a qualquer custo&#8221;, pontuou.<\/p>\n<h2>Riscos Invis\u00edveis: O Maior Perigo para Empresas<\/h2>\n<p>Um dos principais alertas levantados por Viviane durante sua apresenta\u00e7\u00e3o foi sobre os riscos invis\u00edveis nos neg\u00f3cios. Segundo ela, esses riscos frequentemente representam amea\u00e7as maiores do que aparentam. &#8220;O maior risco n\u00e3o \u00e9 o imposto alto, \u00e9 o risco invis\u00edvel. Empresas quebram mais por passivos tribut\u00e1rios inesperados do que por falta de faturamento. Ignorar isso \u00e9 uma decis\u00e3o cara&#8221;, explicou a advogada tributarista.<\/p>\n<p>Esta mensagem ressoa particularmente bem com empres\u00e1rios que enfrentam desafios crescentes no cen\u00e1rio econ\u00f4mico atual, onde a complexidade tribut\u00e1ria exige aten\u00e7\u00e3o constante e planejamento profissional.<\/p>\n<h2>Reforma Tribut\u00e1ria: Adapta\u00e7\u00e3o Estrat\u00e9gica Urgente<\/h2>\n<p>Viviane tamb\u00e9m abordou a <strong>Reforma Tribut\u00e1ria<\/strong>, tema que ainda gera incertezas no meio empresarial brasileiro. Para a especialista, o cen\u00e1rio contempor\u00e2neo exige aten\u00e7\u00e3o imediata e estrat\u00e9gica. &#8220;Ainda existe um grande desconhecimento. Muitos empres\u00e1rios n\u00e3o entenderam que a reforma exige adapta\u00e7\u00e3o estrat\u00e9gica desde j\u00e1, principalmente na forma de precificar, estruturar e operar&#8221;, alertou.<\/p>\n<p>Durante o evento, Viviane dividiu o palco com nomes relevantes do cen\u00e1rio empresarial, como Geraldo Rufino e Melque Dourado, refor\u00e7ando a import\u00e2ncia da troca de experi\u00eancias pr\u00e1ticas. &#8220;Foi uma experi\u00eancia de muito valor. S\u00e3o refer\u00eancias que trazem uma vis\u00e3o pr\u00e1tica de neg\u00f3cio, e estar ao lado deles refor\u00e7a a import\u00e2ncia de alinhar estrat\u00e9gia empresarial com seguran\u00e7a jur\u00eddica&#8221;, destacou.<\/p>\n<h2>O Fator Humano nos Neg\u00f3cios<\/h2>\n<p>Nos bastidores do evento, Geraldo Rufino refor\u00e7ou a import\u00e2ncia do elemento humano na condu\u00e7\u00e3o dos neg\u00f3cios, destacando a pr\u00f3pria Viviane como exemplo de profissional exemplar. Ele ressaltou que quando um especialista entrega solu\u00e7\u00f5es &#8220;com amor, com paix\u00e3o, com vontade de resolver o problema do outro&#8221;, vende n\u00e3o apenas credibilidade e habilidade t\u00e9cnica, mas tamb\u00e9m confian\u00e7a genu\u00edna.<\/p>\n<h2>Crescimento Sem Dire\u00e7\u00e3o \u00e9 Investimento Perdido<\/h2>\n<p>Encerrando sua participa\u00e7\u00e3o, Viviane deixou uma mensagem clara e direcionada aos empres\u00e1rios que ainda n\u00e3o investem em ambientes de imers\u00e3o estrat\u00e9gica: &#8220;Crescimento sem dire\u00e7\u00e3o custa caro. Participar de ambientes estrat\u00e9gicos acelera decis\u00f5es, evita erros e amplia vis\u00e3o. O empres\u00e1rio que quer avan\u00e7ar precisa, intencionalmente, se expor a esse tipo de ambiente&#8221;.<\/p>\n<p>Essa abordagem ressalta a necessidade crescente de profissionaliza\u00e7\u00e3o e aprendizado cont\u00ednuo no ambiente empresarial brasileiro, onde a concorr\u00eancia exige n\u00e3o apenas volume de neg\u00f3cios, mas planejamento estrat\u00e9gico e conformidade legal robusta.<\/p>","protected":false},"excerpt":{"rendered":"<p>Viviane Almeida destaca import\u00e2ncia da seguran\u00e7a jur\u00eddica e estrat\u00e9gia na Imers\u00e3o EVR em Alphaville. Aprenda sobre riscos invis\u00edveis.<\/p>","protected":false},"author":4,"featured_media":25293,"comment_status":"open","ping_status":"open","sticky":false,"template":"","format":"standard","meta":{"googlesitekit_rrm_CAow6MXMDA:productID":"","footnotes":""},"categories":[308],"tags":[],"class_list":["post-25296","post","type-post","status-publish","format-standard","has-post-thumbnail","hentry","category-empreendedorismo"],"brizy_media":[],"_links":{"self":[{"href":"https:\/\/jornalcorporativo.com.br\/en\/wp-json\/wp\/v2\/posts\/25296","targetHints":{"allow":["GET"]}}],"collection":[{"href":"https:\/\/jornalcorporativo.com.br\/en\/wp-json\/wp\/v2\/posts"}],"about":[{"href":"https:\/\/jornalcorporativo.com.br\/en\/wp-json\/wp\/v2\/types\/post"}],"author":[{"embeddable":true,"href":"https:\/\/jornalcorporativo.com.br\/en\/wp-json\/wp\/v2\/users\/4"}],"replies":[{"embeddable":true,"href":"https:\/\/jornalcorporativo.com.br\/en\/wp-json\/wp\/v2\/comments?post=25296"}],"version-history":[{"count":0,"href":"https:\/\/jornalcorporativo.com.br\/en\/wp-json\/wp\/v2\/posts\/25296\/revisions"}],"wp:featuredmedia":[{"embeddable":true,"href":"https:\/\/jornalcorporativo.com.br\/en\/wp-json\/wp\/v2\/media\/25293"}],"wp:attachment":[{"href":"https:\/\/jornalcorporativo.com.br\/en\/wp-json\/wp\/v2\/media?parent=25296"}],"wp:term":[{"taxonomy":"category","embeddable":true,"href":"https:\/\/jornalcorporativo.com.br\/en\/wp-json\/wp\/v2\/categories?post=25296"},{"taxonomy":"post_tag","embeddable":true,"href":"https:\/\/jornalcorporativo.com.br\/en\/wp-json\/wp\/v2\/tags?post=25296"}],"curies":[{"name":"wp","href":"https:\/\/api.w.org\/{rel}","templated":true}]}}