{"id":25297,"date":"2026-04-27T16:00:54","date_gmt":"2026-04-27T19:00:54","guid":{"rendered":"https:\/\/jornalcorporativo.com.br\/redacao\/dimitri-payet-processo-violencia-sexual-vasco\/"},"modified":"2026-04-27T16:00:54","modified_gmt":"2026-04-27T19:00:54","slug":"dimitri-payet-processo-violencia-sexual-vasco","status":"publish","type":"post","link":"https:\/\/jornalcorporativo.com.br\/en\/justica-em-foco\/dimitri-payet-processo-violencia-sexual-vasco\/","title":{"rendered":"Caso Dimitri Payet: Processo por Viol\u00eancia Sexual Avan\u00e7a no Rio de Janeiro; Saiba os Detalhes"},"content":{"rendered":"<h2>Ex-jogador do Vasco enfrenta acusa\u00e7\u00f5es graves de viol\u00eancia sexual<\/h2>\n<p>O ex-meia franc\u00eas Dimitri Payet, que atuou pelo Vasco da Gama entre 2023 e 2025, voltou aos notici\u00e1rios brasileiros ap\u00f3s deixar o futebol. Desta vez, n\u00e3o \u00e9 por quest\u00f5es esportivas, mas por um processo judicial complexo que tramita no Tribunal de Justi\u00e7a do Rio de Janeiro. O atleta enfrenta acusa\u00e7\u00f5es de viol\u00eancia f\u00edsica, sexual, psicol\u00f3gica e verbal feitas por sua ex-companheira extraconjugal, a influenciadora e advogada catarinense Larissa Ferrari.<\/p>\n<h2>Cronologia do caso e evolu\u00e7\u00e3o das acusa\u00e7\u00f5es<\/h2>\n<p>O registro junto ao Minist\u00e9rio P\u00fablico remonta a 2025, com o relacionamento entre os dois tendo ocorrido entre agosto de 2024 e mar\u00e7o de 2025. Inicialmente, o processo foi vinculado apenas como les\u00e3o corporal decorrente de viol\u00eancia dom\u00e9stica. No entanto, com o avan\u00e7o da a\u00e7\u00e3o, novas acusa\u00e7\u00f5es foram adicionadas, incluindo o crime de viol\u00eancia sexual, que agora ganhou for\u00e7a processual.<\/p>\n<p>Larissa Ferrari explica em entrevista que desde o in\u00edcio denunciou Payet por m\u00faltiplas formas de agress\u00e3o: f\u00edsica, sexual, psicol\u00f3gica e verbal. Segundo ela, o processo evoluiu porque suas acusa\u00e7\u00f5es iniciais n\u00e3o contemplavam toda a amplitude dos crimes sofridos. &#8220;Desde o in\u00edcio eu sempre o denunciei por viol\u00eancia f\u00edsica, sexual, psicol\u00f3gica e verbal. Mas inicialmente o processo foi vinculado somente como les\u00e3o corporal decorrente de viol\u00eancia dom\u00e9stica&#8221;, relatou a v\u00edtima.<\/p>\n<h2>Relato detalhado dos abusos alegados<\/h2>\n<p>Em documento apresentado \u00e0s autoridades com 23 p\u00e1ginas, Larissa Ferrari descreve epis\u00f3dios de viol\u00eancia que teria sofrido durante o relacionamento. A denunciante afirma ter sido submetida a comportamentos que classifica como &#8220;humilhantes e violentos&#8221;, detalhando situa\u00e7\u00f5es espec\u00edficas de agress\u00e3o f\u00edsica e sexual.<\/p>\n<p>Um trecho particularmente grave do depoimento descreve: &#8220;Durante o sexo, come\u00e7ou a me castigar, me bater e pisotear minha cara&#8221;. Larissa relata tamb\u00e9m ter se sentido &#8220;emocionalmente violada&#8221; por essas experi\u00eancias. Em outro momento do depoimento, ela detalha o impacto emocional da rela\u00e7\u00e3o, afirmando que n\u00e3o tinha escolha ou dignidade, descrevendo a situa\u00e7\u00e3o como &#8220;uma imposi\u00e7\u00e3o brutal e repugnante por parte de um homem que se achava no direito divino de me possuir, abusar de mim e descartar-me&#8221;.<\/p>\n<h2>Pr\u00f3ximos passos do processo judicial<\/h2>\n<p>Atualmente, o tribunal aguarda a possibilidade de ouvir testemunhas que possam corroborar as acusa\u00e7\u00f5es. Larissa menciona que existem pessoas pr\u00f3ximas a ela no Rio de Janeiro que a viram machucada durante o per\u00edodo de relacionamento, bem como outras em sua cidade natal que podem testemunhar sobre seu estado f\u00edsico e emocional.<\/p>\n<p>&#8220;Ap\u00f3s o in\u00edcio do processo, a gente pediu o acr\u00e9scimo da viol\u00eancia sexual e agora essa possibilidade foi reaberta. Agora eles est\u00e3o aguardando a possibilidade de ouvir testemunhas&#8221;, revelou a denunciante ao explicar os avan\u00e7os processuais recentes.<\/p>\n<h2>Resposta e defesa de Dimitri Payet<\/h2>\n<p>Do lado de Payet, todas as acusa\u00e7\u00f5es s\u00e3o categor icamente negadas. O ex-jogador, que retornou \u00e0 Fran\u00e7a ap\u00f3s deixar o Vasco, reconhece o relacionamento com Larissa Ferrari, por\u00e9m afirma que tudo ocorreu de forma consensual. Segundo sua vers\u00e3o dos fatos, as pr\u00e1ticas descritivas seriam &#8220;n\u00e3o convencionais&#8221;, mas teriam partido da pr\u00f3pria denunciante, refutando qualquer forma de agress\u00e3o ou abuso.<\/p>\n<h2>Expectativas da v\u00edtima por justi\u00e7a<\/h2>\n<p>Enquanto o caso segue sob an\u00e1lise da Justi\u00e7a, que dever\u00e1 decidir sobre a manuten\u00e7\u00e3o das acusa\u00e7\u00f5es e se a a\u00e7\u00e3o avan\u00e7ar\u00e1 para julgamento formal, Larissa Ferrari mant\u00e9m a esperan\u00e7a em uma condena\u00e7\u00e3o. A influenciadora e advogada afirma continuar lidando diariamente com os efeitos emocionais da rela\u00e7\u00e3o e expressa seu desejo de que o caso sirva como exemplo para outros casos semelhantes.<\/p>\n<p>&#8220;Todos os dias suporto a vergonha e a humilha\u00e7\u00e3o. Espero que o Dimitri seja condenado. Quero que isto sirva de exemplo para todos aqueles que se calam perante os abusos&#8221;, concluiu Larissa em seu depoimento, reafirmando seu compromisso com a busca por justi\u00e7a e responsabiliza\u00e7\u00e3o.<\/p>","protected":false},"excerpt":{"rendered":"<p>Dimitri Payet enfrenta processo por viol\u00eancia sexual no Rio de Janeiro. Saiba mais sobre as acusa\u00e7\u00f5es, testemunhas e desdobramentos do caso.<\/p>","protected":false},"author":4,"featured_media":25292,"comment_status":"open","ping_status":"open","sticky":false,"template":"","format":"standard","meta":{"_crdt_document":"","footnotes":""},"categories":[39],"tags":[],"class_list":["post-25297","post","type-post","status-publish","format-standard","has-post-thumbnail","hentry","category-justica-em-foco"],"brizy_media":[],"_links":{"self":[{"href":"https:\/\/jornalcorporativo.com.br\/en\/wp-json\/wp\/v2\/posts\/25297","targetHints":{"allow":["GET"]}}],"collection":[{"href":"https:\/\/jornalcorporativo.com.br\/en\/wp-json\/wp\/v2\/posts"}],"about":[{"href":"https:\/\/jornalcorporativo.com.br\/en\/wp-json\/wp\/v2\/types\/post"}],"author":[{"embeddable":true,"href":"https:\/\/jornalcorporativo.com.br\/en\/wp-json\/wp\/v2\/users\/4"}],"replies":[{"embeddable":true,"href":"https:\/\/jornalcorporativo.com.br\/en\/wp-json\/wp\/v2\/comments?post=25297"}],"version-history":[{"count":0,"href":"https:\/\/jornalcorporativo.com.br\/en\/wp-json\/wp\/v2\/posts\/25297\/revisions"}],"wp:featuredmedia":[{"embeddable":true,"href":"https:\/\/jornalcorporativo.com.br\/en\/wp-json\/wp\/v2\/media\/25292"}],"wp:attachment":[{"href":"https:\/\/jornalcorporativo.com.br\/en\/wp-json\/wp\/v2\/media?parent=25297"}],"wp:term":[{"taxonomy":"category","embeddable":true,"href":"https:\/\/jornalcorporativo.com.br\/en\/wp-json\/wp\/v2\/categories?post=25297"},{"taxonomy":"post_tag","embeddable":true,"href":"https:\/\/jornalcorporativo.com.br\/en\/wp-json\/wp\/v2\/tags?post=25297"}],"curies":[{"name":"wp","href":"https:\/\/api.w.org\/{rel}","templated":true}]}}