{"id":25299,"date":"2026-04-27T16:00:54","date_gmt":"2026-04-27T19:00:54","guid":{"rendered":"https:\/\/jornalcorporativo.com.br\/redacao\/paolla-oliveira-diogo-nogueira-maturidade-redes-sociais\/"},"modified":"2026-04-27T16:00:54","modified_gmt":"2026-04-27T19:00:54","slug":"paolla-oliveira-diogo-nogueira-maturidade-redes-sociais","status":"publish","type":"post","link":"https:\/\/jornalcorporativo.com.br\/en\/noticias\/paolla-oliveira-diogo-nogueira-maturidade-redes-sociais\/","title":{"rendered":"Paolla Oliveira e Diogo Nogueira Demonstram Maturidade em Intera\u00e7\u00e3o nas Redes Sociais"},"content":{"rendered":"<p>A intera\u00e7\u00e3o entre a atriz Paolla Oliveira e o cantor Diogo Nogueira nas redes sociais voltou a chamar a aten\u00e7\u00e3o do p\u00fablico, desta vez n\u00e3o por pol\u00eamicas ou rumores de conflito, mas pela demonstra\u00e7\u00e3o clara de maturidade e respeito que marcou o reencontro virtual entre o ex-casal. Ap\u00f3s o artista celebrar a chegada de seus 45 anos no domingo (26), um coment\u00e1rio carinhoso deixado por Paolla foi suficiente para desencadear uma onda de rea\u00e7\u00f5es positivas que exaltaram o tom elevado e a leveza mantida entre os dois, mesmo ap\u00f3s o t\u00e9rmino do relacionamento ocorrido em dezembro do ano passado.<\/p>\n<p>Na publica\u00e7\u00e3o de anivers\u00e1rio, Diogo compartilhou uma reflex\u00e3o profunda sobre a chegada de um novo ciclo de vida, com uma mensagem focada na valoriza\u00e7\u00e3o da exist\u00eancia e dos pequenos rituais do dia a dia. O cantor escreveu: &#8220;A vida merece ser celebrada todos os dias!! Do momento em que vamos dormir at\u00e9 quando acordamos para um novo dia, temos a oportunidade de caminhar, agradecer e viver mesmo em um mundo cheio de adversidades&#8221;. Na sequ\u00eancia, continuou sua reflex\u00e3o: &#8220;Com os p\u00e9s no ch\u00e3o (de prefer\u00eancia descal\u00e7o) de forma consciente, seguimos firmes, aprendendo com tudo o que acontece ao nosso redor. Por isso, a cada dia que acordar, celebre. Agrade\u00e7a. E d\u00ea os parab\u00e9ns a si mesmo por estar vivo. Parab\u00e9ns pela vida!&#8221;.<\/p>\n<h2>Coment\u00e1rio Maturo de Paolla Repercute Positivamente<\/h2>\n<p>Entre as milhares de intera\u00e7\u00f5es na publica\u00e7\u00e3o, destacou-se a mensagem deixada por Paolla Oliveira, que foi direto e carinhosa em seu teor. A atriz comentou: &#8220;Viva voc\u00ea e seu novo ciclo! Que a vida te encha de alegrias e que as energias do bem sigam sempre te cuidando&#8221;. O gesto rapidamente ganhou grande repercuss\u00e3o nas redes sociais e foi imediatamente interpretado por seguidores como um exemplo emblem\u00e1tico de maturidade ap\u00f3s o encerramento do relacionamento amoroso.<\/p>\n<h3>Internet Celebra Postura do Ex-Casal<\/h3>\n<p>Nos coment\u00e1rios da publica\u00e7\u00e3o, internautas destacaram repetidamente o respeito mantido entre os dois artistas e a capacidade demonstrada de preservar o afeto mesmo ap\u00f3s a separa\u00e7\u00e3o. Uma seguidora escreveu: &#8220;Isso se chama amor de alma, cuidado mesmo longe. Quanta civilidade, essa \u00e9 a ess\u00eancia, isso \u00e9 respeito! Viva o amor&#8221;. Outra comentou: &#8220;Paolla e Diogo pessoas incr\u00edveis. Isso se chama amor e respeito&#8221;. A postura exemplar do ex-casal conquistou diversos internautas que viram naquela troca uma li\u00e7\u00e3o valiosa sobre relacionamentos humanos.<\/p>\n<p>Embora tenha predominado o reconhecimento \u00e0 postura madura de ambos, a intera\u00e7\u00e3o tamb\u00e9m abriu espa\u00e7o para manifesta\u00e7\u00f5es nost\u00e1lgicas e alguns pedidos por uma poss\u00edvel reconcilia\u00e7\u00e3o. Uma usu\u00e1ria comentou: &#8220;Eu s\u00f3 acho que voc\u00eas combinam juntos&#8221;, enquanto outra acrescentou: &#8220;Voc\u00eas eram t\u00e3o lindos juntos! Desculpa, mas tinha que falar&#8221;. Apesar dessas manifesta\u00e7\u00f5es, o tom geral das rea\u00e7\u00f5es foi de celebra\u00e7\u00e3o pela maturidade demonstrada.<\/p>\n<h2>Um Exemplo de Amor Verdadeiro<\/h2>\n<p>A como\u00e7\u00e3o gerada pelas intera\u00e7\u00f5es levou uma internauta a expressar: &#8220;Que lindo e t\u00e3o perfeito a maturidade desse ex-casal, que consegue nos dar um grande exemplo que o amor quando \u00e9 verdadeiro a amizade \u00e9 eterna. Deus aben\u00e7oe essa linda amizade! Entenderam Brasil que desejar o bem a quem nos pertenceu \u00e9 a prova real de amor verdadeiro&#8221;. Este coment\u00e1rio sintetiza bem o sentimento que permeou a maioria das rea\u00e7\u00f5es, evidenciando que para muitos seguidores, a capacidade de manter respeito e carinho ap\u00f3s o fim de um relacionamento amoroso \u00e9 uma manifesta\u00e7\u00e3o genu\u00edna de amor verdadeiro.<\/p>\n<p>A troca de mensagens entre Paolla Oliveira e Diogo Nogueira representa um momento significativo nas redes sociais, onde demonstram que \u00e9 poss\u00edvel encerrar um relacionamento mantendo-se dignidade, respeito m\u00fatuo e carinho genu\u00edno. Essa postura tem servido como inspira\u00e7\u00e3o para muitos seguidores que reconhecem a import\u00e2ncia de civilidade mesmo em momentos delicados de separa\u00e7\u00e3o.<\/p>","protected":false},"excerpt":{"rendered":"<p>Paolla Oliveira e Diogo Nogueira trocam coment\u00e1rios maduros nas redes. Ex-casal demonstra respeito e carinho ap\u00f3s t\u00e9rmino do relacionamento.<\/p>","protected":false},"author":4,"featured_media":25294,"comment_status":"open","ping_status":"open","sticky":false,"template":"","format":"standard","meta":{"_crdt_document":"","footnotes":""},"categories":[269],"tags":[],"class_list":["post-25299","post","type-post","status-publish","format-standard","has-post-thumbnail","hentry","category-noticias"],"brizy_media":[],"_links":{"self":[{"href":"https:\/\/jornalcorporativo.com.br\/en\/wp-json\/wp\/v2\/posts\/25299","targetHints":{"allow":["GET"]}}],"collection":[{"href":"https:\/\/jornalcorporativo.com.br\/en\/wp-json\/wp\/v2\/posts"}],"about":[{"href":"https:\/\/jornalcorporativo.com.br\/en\/wp-json\/wp\/v2\/types\/post"}],"author":[{"embeddable":true,"href":"https:\/\/jornalcorporativo.com.br\/en\/wp-json\/wp\/v2\/users\/4"}],"replies":[{"embeddable":true,"href":"https:\/\/jornalcorporativo.com.br\/en\/wp-json\/wp\/v2\/comments?post=25299"}],"version-history":[{"count":0,"href":"https:\/\/jornalcorporativo.com.br\/en\/wp-json\/wp\/v2\/posts\/25299\/revisions"}],"wp:featuredmedia":[{"embeddable":true,"href":"https:\/\/jornalcorporativo.com.br\/en\/wp-json\/wp\/v2\/media\/25294"}],"wp:attachment":[{"href":"https:\/\/jornalcorporativo.com.br\/en\/wp-json\/wp\/v2\/media?parent=25299"}],"wp:term":[{"taxonomy":"category","embeddable":true,"href":"https:\/\/jornalcorporativo.com.br\/en\/wp-json\/wp\/v2\/categories?post=25299"},{"taxonomy":"post_tag","embeddable":true,"href":"https:\/\/jornalcorporativo.com.br\/en\/wp-json\/wp\/v2\/tags?post=25299"}],"curies":[{"name":"wp","href":"https:\/\/api.w.org\/{rel}","templated":true}]}}