{"id":25304,"date":"2026-04-27T20:01:23","date_gmt":"2026-04-27T23:01:23","guid":{"rendered":"https:\/\/jornalcorporativo.com.br\/redacao\/marinha-brasil-navio-patrulha-mangaratiba-lancamento\/"},"modified":"2026-04-27T20:01:23","modified_gmt":"2026-04-27T23:01:23","slug":"marinha-brasil-navio-patrulha-mangaratiba-lancamento","status":"publish","type":"post","link":"https:\/\/jornalcorporativo.com.br\/en\/brasil\/marinha-brasil-navio-patrulha-mangaratiba-lancamento\/","title":{"rendered":"Marinha do Brasil lan\u00e7a navio-patrulha Mangaratiba: conhe\u00e7a especifica\u00e7\u00f5es e capacidades da nova embarca\u00e7\u00e3o"},"content":{"rendered":"<h2>Lan\u00e7amento do Navio-Patrulha Mangaratiba marca avan\u00e7o na moderniza\u00e7\u00e3o da Marinha Brasileira<\/h2>\n<p>A Marinha do Brasil realizou, na manh\u00e3 desta segunda-feira, o lan\u00e7amento do novo Navio-Patrulha (NPa) <strong>Mangaratiba<\/strong>, uma embarca\u00e7\u00e3o que refor\u00e7a significativamente a capacidade operativa da for\u00e7a naval brasileira. A cerim\u00f4nia solene ocorreu no Arsenal de Marinha do Rio de Janeiro (AMRJ) e contou com a presen\u00e7a do ministro da Defesa, Jos\u00e9 M\u00facio, destacando a import\u00e2ncia estrat\u00e9gica do evento para a defesa nacional.<\/p>\n<p>O Mangaratiba (P-73) integra a <strong>Classe Maca\u00e9<\/strong>, sendo o quarto navio dessa s\u00e9rie a ser incorporado \u00e0 frota brasileira. Al\u00e9m desta nova unidade, a classe \u00e9 composta pelos navios Maca\u00e9 (P-70), Macau (P-71) e Maracan\u00e3 (P-72), todos desempenhando papel fundamental na prote\u00e7\u00e3o do patrim\u00f4nio nacional atrav\u00e9s de opera\u00e7\u00f5es mar\u00edtimas e fluviais em todo o territ\u00f3rio brasileiro.<\/p>\n<h2>Caracter\u00edsticas T\u00e9cnicas e Capacidades do Navio-Patrulha Mangaratiba<\/h2>\n<p>O Navio-Patrulha Mangaratiba apresenta <strong>54,2 metros de comprimento<\/strong> e foi projetado para comportar uma tripula\u00e7\u00e3o de at\u00e9 43 militares. Uma das caracter\u00edsticas mais impressionantes da embarca\u00e7\u00e3o \u00e9 seu <strong>raio de a\u00e7\u00e3o superior a 4 mil quil\u00f4metros<\/strong>, equivalente a 2.500 milhas n\u00e1uticas em velocidade de cruzeiro, conferindo-lhe grande capacidade de opera\u00e7\u00e3o em extensas \u00e1reas marinhas.<\/p>\n<p>Conforme informa\u00e7\u00f5es divulgadas pela Marinha, o navio possui <strong>autonomia aproximada de seis dias<\/strong>, considerando a quantidade de mantimentos, \u00e1gua e demais suprimentos necess\u00e1rios para a opera\u00e7\u00e3o cont\u00ednua. Essa autonomia operacional permite que a embarca\u00e7\u00e3o realize miss\u00f5es prolongadas sem necessidade frequente de reabastecimento, otimizando as opera\u00e7\u00f5es de defesa mar\u00edtima.<\/p>\n<h2>Miss\u00f5es e Fun\u00e7\u00f5es Estrat\u00e9gicas<\/h2>\n<p>O Mangaratiba foi especificamente projetado para atuar na <strong>preven\u00e7\u00e3o de il\u00edcitos mar\u00edtimos e fluviais<\/strong>, participando ativamente de opera\u00e7\u00f5es que combatem atividades criminosas no ambiente aqu\u00e1tico. Al\u00e9m disso, a embarca\u00e7\u00e3o desempenha papel importante na <strong>preven\u00e7\u00e3o da polui\u00e7\u00e3o ambiental<\/strong>, contribuindo para a prote\u00e7\u00e3o dos ecossistemas marinhos e fluviais brasileiros.<\/p>\n<p>De acordo com a Marinha do Brasil, a nova embarca\u00e7\u00e3o <strong>contribuir\u00e1 significativamente para o setor operativo<\/strong> e para a prote\u00e7\u00e3o dos interesses nacionais no mar, refor\u00e7ando a soberania brasileira em \u00e1reas mar\u00edtimas estrat\u00e9gicas. As opera\u00e7\u00f5es deste navio-patrulha estendem-se por todo o territ\u00f3rio nacional, com distribui\u00e7\u00e3o estrat\u00e9gica nas principais regi\u00f5es de interesse naval.<\/p>\n<h2>Integra\u00e7\u00e3o no Programa de Acelera\u00e7\u00e3o do Crescimento<\/h2>\n<p>A constru\u00e7\u00e3o do Navio-Patrulha Mangaratiba faz parte do <strong>Programa de Acelera\u00e7\u00e3o do Crescimento (PAC)<\/strong> do Governo Federal, demonstrando o compromisso com a moderniza\u00e7\u00e3o e fortalecimento da Marinha brasileira. Paralelamente, encontra-se em curso a constru\u00e7\u00e3o de outra embarca\u00e7\u00e3o da mesma classe, batizada de <strong>Miramar<\/strong>, que seguir\u00e1 os mesmos padr\u00f5es operacionais e t\u00e9cnicos.<\/p>\n<h2>Moderniza\u00e7\u00e3o da Esquadra com Fragata Tamandar\u00e9<\/h2>\n<p>Complementando os esfor\u00e7os de moderniza\u00e7\u00e3o da Marinha, a institui\u00e7\u00e3o tamb\u00e9m incorporou, na \u00faltima sexta-feira, a primeira <strong>fragata da classe Tamandar\u00e9<\/strong>, representando um marco importante na renova\u00e7\u00e3o da esquadra naval brasileira. Trata-se da primeira fragata constru\u00edda no Brasil desde 1980, consolidando a capacidade tecnol\u00f3gica e industrial naval do pa\u00eds.<\/p>\n<p>A fragata Tamandar\u00e9 \u00e9 fruto de uma <strong>parceria tecnol\u00f3gica estrat\u00e9gica com a Alemanha<\/strong> e apresenta capacidades avan\u00e7adas para atuar contra amea\u00e7as de superf\u00edcie, a\u00e9reas e submarinas. Equipada com sensores e armamentos modernos, esta embarca\u00e7\u00e3o representa um salto tecnol\u00f3gico significativo para a For\u00e7a Naval brasileira.<\/p>\n<p>Um novo Memorando de Entendimento foi assinado durante a incorpora\u00e7\u00e3o do Tamandar\u00e9, expandindo o programa de constru\u00e7\u00e3o de fragatas. A previs\u00e3o agora \u00e9 que o n\u00famero de fragatas programadas seja dobrado para <strong>oito unidades<\/strong>, com as pr\u00f3ximas embarca\u00e7\u00f5es denominadas Jer\u00f4nimo de Alburquerque, Cunha Moreira e Mariz e Barros, previstas para incorpora\u00e7\u00e3o em 2027, 2028 e 2029, respectivamente.<\/p>\n<p>A fragata Tamandar\u00e9 ter\u00e1 <strong>papel essencial na prote\u00e7\u00e3o da Amaz\u00f4nia Azul<\/strong>, monitorando e controlando o espa\u00e7o mar\u00edtimo, defendendo ilhas oce\u00e2nicas, protegendo estruturas cr\u00edticas e salvaguardando as comunica\u00e7\u00f5es mar\u00edtimas de interesse nacional.<\/p>","protected":false},"excerpt":{"rendered":"<p>Marinha do Brasil lan\u00e7a navio-patrulha Mangaratiba. Conhe\u00e7a as especifica\u00e7\u00f5es t\u00e9cnicas, capacidades operacionais e fun\u00e7\u00f5es estrat\u00e9gicas da nova embarca\u00e7\u00e3o.<\/p>","protected":false},"author":4,"featured_media":25300,"comment_status":"open","ping_status":"open","sticky":false,"template":"","format":"standard","meta":{"_crdt_document":"","footnotes":""},"categories":[36],"tags":[],"class_list":["post-25304","post","type-post","status-publish","format-standard","has-post-thumbnail","hentry","category-brasil"],"brizy_media":[],"_links":{"self":[{"href":"https:\/\/jornalcorporativo.com.br\/en\/wp-json\/wp\/v2\/posts\/25304","targetHints":{"allow":["GET"]}}],"collection":[{"href":"https:\/\/jornalcorporativo.com.br\/en\/wp-json\/wp\/v2\/posts"}],"about":[{"href":"https:\/\/jornalcorporativo.com.br\/en\/wp-json\/wp\/v2\/types\/post"}],"author":[{"embeddable":true,"href":"https:\/\/jornalcorporativo.com.br\/en\/wp-json\/wp\/v2\/users\/4"}],"replies":[{"embeddable":true,"href":"https:\/\/jornalcorporativo.com.br\/en\/wp-json\/wp\/v2\/comments?post=25304"}],"version-history":[{"count":0,"href":"https:\/\/jornalcorporativo.com.br\/en\/wp-json\/wp\/v2\/posts\/25304\/revisions"}],"wp:featuredmedia":[{"embeddable":true,"href":"https:\/\/jornalcorporativo.com.br\/en\/wp-json\/wp\/v2\/media\/25300"}],"wp:attachment":[{"href":"https:\/\/jornalcorporativo.com.br\/en\/wp-json\/wp\/v2\/media?parent=25304"}],"wp:term":[{"taxonomy":"category","embeddable":true,"href":"https:\/\/jornalcorporativo.com.br\/en\/wp-json\/wp\/v2\/categories?post=25304"},{"taxonomy":"post_tag","embeddable":true,"href":"https:\/\/jornalcorporativo.com.br\/en\/wp-json\/wp\/v2\/tags?post=25304"}],"curies":[{"name":"wp","href":"https:\/\/api.w.org\/{rel}","templated":true}]}}