{"id":25305,"date":"2026-04-27T20:01:27","date_gmt":"2026-04-27T23:01:27","guid":{"rendered":"https:\/\/jornalcorporativo.com.br\/redacao\/flavio-bolsonaro-tarcisio-freitas-agrishow-critica-politicas-lula-agro\/"},"modified":"2026-04-27T20:01:27","modified_gmt":"2026-04-27T23:01:27","slug":"flavio-bolsonaro-tarcisio-freitas-agrishow-critica-politicas-lula-agro","status":"publish","type":"post","link":"https:\/\/jornalcorporativo.com.br\/en\/politica\/flavio-bolsonaro-tarcisio-freitas-agrishow-critica-politicas-lula-agro\/","title":{"rendered":"Fl\u00e1vio Bolsonaro e Tarc\u00edsio de Freitas unem for\u00e7as na Agrishow contra pol\u00edticas agr\u00edcolas de Lula"},"content":{"rendered":"<h2>Primeira agenda conjunta marca pr\u00e9-campanha de direita<\/h2>\n<p>O senador Fl\u00e1vio Bolsonaro (PL-RJ) e o governador de S\u00e3o Paulo, Tarc\u00edsio de Freitas (Republicanos), protagonizaram sua primeira agenda p\u00fablica conjunta durante a Agrishow, maior feira de agroneg\u00f3cio do pa\u00eds, realizada em Ribeir\u00e3o Preto. O evento marcou um alinhamento estrat\u00e9gico entre os dois pol\u00edticos da direita em cr\u00edtica frontal \u00e0s pol\u00edticas agr\u00edcolas do governo federal de Luiz In\u00e1cio Lula da Silva (PT).<\/p>\n<p>Vestindo uma camiseta com a inscri\u00e7\u00e3o &#8220;orgulho do nosso agro&#8221;, Fl\u00e1vio foi recebido com gritos de &#8220;presidente&#8221; por apoiadores e representantes do setor agropecu\u00e1rio. Tarc\u00edsio aproveitou o momento para lan\u00e7ar o espa\u00e7o do Governo de S\u00e3o Paulo na feira e anunciar medidas espec\u00edficas para o agroneg\u00f3cio paulista na ter\u00e7a-feira (28).<\/p>\n<h2>Cr\u00edticas focadas em juros altos e falta de cr\u00e9dito<\/h2>\n<p>Os discursos dos dois pol\u00edticos concentraram-se em quest\u00f5es estruturais que afetam o setor rural brasileiro. <strong>A alta taxa de juros e a baixa oferta de cr\u00e9dito p\u00fablico para produtores<\/strong>, especialmente os pequenos, foram os principais alvos de cr\u00edtica. Deputados, senadores e prefeitos presentes tamb\u00e9m levantaram quest\u00f5es sobre invas\u00e3o de terras, contrastando a pol\u00edtica de seguran\u00e7a implementada por Tarc\u00edsio em S\u00e3o Paulo com a rela\u00e7\u00e3o do governo federal com movimentos de ocupa\u00e7\u00e3o territorial.<\/p>\n<p>Em resposta \u00e0s cr\u00edticas, o vice-presidente Geraldo Alckmin (PSB) havia anunciado, na abertura fechada do evento no domingo (26), um pacote de R$ 10 bilh\u00f5es destinado \u00e0 compra de equipamentos agr\u00edcolas como tratores, pulverizadores e colheitadeiras. Os recursos, oriundos do Fundo Nacional de Desenvolvimento Cient\u00edfico e Tecnol\u00f3gico (FNDCT) e geridos pela Finep, seriam liberados atrav\u00e9s de cooperativas e institui\u00e7\u00f5es financeiras credenciadas com expectativa de juros de um d\u00edgito.<\/p>\n<h2>Fl\u00e1vio critica falta de sensibilidade do governo federal<\/h2>\n<p>Durante seu discurso, Fl\u00e1vio afirmou seu compromisso com &#8220;todas as pautas&#8221; apresentadas na feira e manifestou inten\u00e7\u00e3o de &#8220;valorizar o agro&#8221;. Com tom cr\u00edtico, questionou as pol\u00edticas do presidente Lula para o setor: <strong>&#8220;O agro n\u00e3o pode ser tratado como vil\u00e3o, o agro n\u00e3o \u00e9 vil\u00e3o, \u00e9 solu\u00e7\u00e3o para o nosso Brasil&#8221;<\/strong>.<\/p>\n<p>O senador argumentou que o financiamento anunciado pelo governo federal n\u00e3o resolve os principais problemas enfrentados pelos produtores rurais. &#8220;Onde j\u00e1 se viu fazer um financiamento de R$ 10 bilh\u00f5es para comprar maquin\u00e1rio s\u00f3? Ele n\u00e3o entende que \u00e9 um setor altamente endividado&#8221;, questionou Fl\u00e1vio, referindo-se aos impactos de secas e enchentes que reduzem a capacidade de endividamento adicional dos agricultores.<\/p>\n<p>Fl\u00e1vio tamb\u00e9m criticou a falta de detalhes sobre o programa anunciado: &#8220;\u00c9 um programa fantasma, que n\u00e3o resolve a vida de ningu\u00e9m. \u00c9 um governo que s\u00f3 se preocupa em colocar narrativas&#8221;. Elogiou as pol\u00edticas de seu pai, Jair Bolsonaro, relacionadas \u00e0 regulariza\u00e7\u00e3o fundi\u00e1ria, e destacou a import\u00e2ncia de Tarc\u00edsio como poss\u00edvel aliado de governo.<\/p>\n<h2>Tarc\u00edsio denuncia endividamento crescente do setor<\/h2>\n<p><strong>Tarc\u00edsio referiu-se a Fl\u00e1vio como &#8220;o pr\u00f3ximo presidente da Rep\u00fablica&#8221;<\/strong> durante seu discurso e apontou que o agroneg\u00f3cio &#8220;vem sendo maltratado&#8221; pelo governo federal. O governador destacou suas realiza\u00e7\u00f5es em S\u00e3o Paulo, incluindo o fim das invas\u00f5es de terra e programas de regulariza\u00e7\u00e3o fundi\u00e1ria.<\/p>\n<p>Em cr\u00edtica econ\u00f4mica estruturada, Tarc\u00edsio ressaltou a vulnerabilidade do agroneg\u00f3cio \u00e0s quest\u00f5es geopol\u00edticas e a instabilidade nas condi\u00e7\u00f5es de cr\u00e9dito. Mencionou a necessidade anual de negocia\u00e7\u00e3o por melhores par\u00e2metros no Plano Safra e apontou o aumento da carga tribut\u00e1ria, com a retirada de benef\u00edcios fiscais sobre fertilizantes e aumento da al\u00edquota do Funrural, como press\u00f5es adicionais sobre os produtores.<\/p>\n<h2>Agrishow como palco de disputa pol\u00edtica<\/h2>\n<p>A Agrishow, que ocorre anualmente em Ribeir\u00e3o Preto, consolidou-se como espa\u00e7o estrat\u00e9gico para pol\u00edticos em anos eleitorais buscarem apoio do setor agr\u00edcola. Al\u00e9m de Fl\u00e1vio e Tarc\u00edsio, outros nomes expressivos da pol\u00edtica nacional visitar\u00e3o a feira: Romeu Zema (Novo) comparecer\u00e1 na ter\u00e7a-feira (28), e Ronaldo Caiado (PSD) marcar\u00e1 presen\u00e7a na quarta-feira (29).<\/p>","protected":false},"excerpt":{"rendered":"<p>Fl\u00e1vio Bolsonaro e Tarc\u00edsio de Freitas criticam pol\u00edticas de Lula para o agro na Agrishow, denunciando juros altos e falta de cr\u00e9dito p\u00fablico.<\/p>","protected":false},"author":4,"featured_media":25303,"comment_status":"open","ping_status":"open","sticky":false,"template":"","format":"standard","meta":{"_crdt_document":"","footnotes":""},"categories":[7],"tags":[],"class_list":["post-25305","post","type-post","status-publish","format-standard","has-post-thumbnail","hentry","category-politica"],"brizy_media":[],"_links":{"self":[{"href":"https:\/\/jornalcorporativo.com.br\/en\/wp-json\/wp\/v2\/posts\/25305","targetHints":{"allow":["GET"]}}],"collection":[{"href":"https:\/\/jornalcorporativo.com.br\/en\/wp-json\/wp\/v2\/posts"}],"about":[{"href":"https:\/\/jornalcorporativo.com.br\/en\/wp-json\/wp\/v2\/types\/post"}],"author":[{"embeddable":true,"href":"https:\/\/jornalcorporativo.com.br\/en\/wp-json\/wp\/v2\/users\/4"}],"replies":[{"embeddable":true,"href":"https:\/\/jornalcorporativo.com.br\/en\/wp-json\/wp\/v2\/comments?post=25305"}],"version-history":[{"count":0,"href":"https:\/\/jornalcorporativo.com.br\/en\/wp-json\/wp\/v2\/posts\/25305\/revisions"}],"wp:featuredmedia":[{"embeddable":true,"href":"https:\/\/jornalcorporativo.com.br\/en\/wp-json\/wp\/v2\/media\/25303"}],"wp:attachment":[{"href":"https:\/\/jornalcorporativo.com.br\/en\/wp-json\/wp\/v2\/media?parent=25305"}],"wp:term":[{"taxonomy":"category","embeddable":true,"href":"https:\/\/jornalcorporativo.com.br\/en\/wp-json\/wp\/v2\/categories?post=25305"},{"taxonomy":"post_tag","embeddable":true,"href":"https:\/\/jornalcorporativo.com.br\/en\/wp-json\/wp\/v2\/tags?post=25305"}],"curies":[{"name":"wp","href":"https:\/\/api.w.org\/{rel}","templated":true}]}}