{"id":25307,"date":"2026-04-27T20:01:27","date_gmt":"2026-04-27T23:01:27","guid":{"rendered":"https:\/\/jornalcorporativo.com.br\/redacao\/uma-vida-de-amizade-teatro-fashion-mall\/"},"modified":"2026-04-27T20:01:27","modified_gmt":"2026-04-27T23:01:27","slug":"uma-vida-de-amizade-teatro-fashion-mall","status":"publish","type":"post","link":"https:\/\/jornalcorporativo.com.br\/en\/noticias\/uma-vida-de-amizade-teatro-fashion-mall\/","title":{"rendered":"Uma Vida de Amizade: A Estreia Nacional da Com\u00e9dia Emotiva sobre Amizade Feminina 50+"},"content":{"rendered":"<h2>Uma Vida de Amizade chega ao Teatro Fashion Mall com elenco de destaque<\/h2>\n<p>O Teatro Fashion Mall ser\u00e1 palco do aguardado espet\u00e1culo &#8220;Uma Vida de Amizade&#8221;, em cartaz de 9 a 31 de maio, oferecendo uma experi\u00eancia teatral \u00fanica e envolvente. As sess\u00f5es acontecem aos s\u00e1bados, \u00e0s 18h, e aos domingos, \u00e0s 17h, com altera\u00e7\u00e3o nas apresenta\u00e7\u00f5es de domingo a partir do dia 24 de maio, quando mudar\u00e3o para as 19h30. Esta \u00e9 a estreia nacional da produ\u00e7\u00e3o que j\u00e1 conquistou plateias em diversas cidades portuguesas, incluindo Braga, Porto, Estoril, \u00c1gueda e Espinho.<\/p>\n<h2>A hist\u00f3ria das tr\u00eas amigas que se reencontram ap\u00f3s anos<\/h2>\n<p>A montagem traz consigo uma narrativa tocante e repleta de autenticidade. Tr\u00eas amigas de longa data, todas na casa dos 50+ anos, se reencontram ap\u00f3s um per\u00edodo afastadas e se deparam com as profundas transforma\u00e7\u00f5es que ocorreram em suas vidas. A pe\u00e7a acompanha a trajet\u00f3ria deste trio desde a juventude, precisamente nos anos 1990, quando dividiam sonhos, dificuldades e um apartamento em Paris, trabalhando como modelos. Desde aquela \u00e9poca, mant\u00eam o ritual significativo de se reencontrar anualmente em uma data especial, demonstrando a for\u00e7a e a perman\u00eancia de sua amizade.<\/p>\n<h2>Os personagens e suas particularidades<\/h2>\n<p>O elenco \u00e9 formado por tr\u00eas atrizes de renome: <strong>Silvia Pfeifer<\/strong> interpreta Gilda, a amiga conciliadora que, apesar de aparentar firmeza exterior, tamb\u00e9m esconde fragilidades profundas. <strong>Adriana Garambone<\/strong> d\u00e1 vida a Yasmin, caracterizada como a mais descontra\u00edda do grupo, com um temperamento notavelmente vol\u00favel. <strong>Helena Fernandes<\/strong> interpreta Ren\u00e9e, personagem de personalidade r\u00edgida e olhar cr\u00edtico constante sobre as demais.<\/p>\n<h3>A perspectiva cr\u00edtica sobre mulheres 50+<\/h3>\n<p>Com humor refinado, o texto de <strong>Gustavo Pinheiro<\/strong> levanta quest\u00f5es profundas e pertinentes sobre as mulheres na faixa dos 50+ anos. A pe\u00e7a reconhece que essas mulheres s\u00e3o hoje ativas, desejadas e desejantes, mas ainda n\u00e3o s\u00e3o plenamente vistas e compreendidas dessa forma pela sociedade. O autor questiona corajosamente esses padr\u00f5es restritivos e estabelecidos, enfatizando a import\u00e2ncia vital de enxergar e reconhecer publicamente a beleza, a for\u00e7a e a independ\u00eancia que caracterizam essas mulheres.<\/p>\n<h2>A dire\u00e7\u00e3o e a origem org\u00e2nica do projeto<\/h2>\n<p>A vis\u00e3o art\u00edstica \u00e9 refor\u00e7ada pelo diretor <strong>Fernando Philbert<\/strong>, que destaca o car\u00e1ter espont\u00e2neo e genu\u00edno do projeto. Para ele, esta pe\u00e7a n\u00e3o percorreu o caminho habitual e convencional em que algu\u00e9m escolhe um texto, re\u00fane uma equipe e toca uma produ\u00e7\u00e3o profissional. Ao contr\u00e1rio, ela come\u00e7ou de forma completamente despretenciosa num encontro de amigos, quando Fernando se comoveu e se divertiu profundamente com as hist\u00f3rias daquelas tr\u00eas mulheres, enxergando ali uma possibilidade c\u00eanica aut\u00eantica.<\/p>\n<p>O diretor declara: &#8220;Uma vida de amizade \u00e9 uma com\u00e9dia emotiva que nasceu na mesa de um bar na G\u00e1vea. Est\u00e1vamos juntos ap\u00f3s uma pe\u00e7a e cont\u00e1vamos hist\u00f3rias da vida. Este trabalho \u00e9 um encontro feliz, emotivo, contundente sobre ter amizades na vida. A pe\u00e7a n\u00e3o \u00e9 este conjunto de hist\u00f3rias, e sim esta amizade. Ser amiga n\u00e3o \u00e9 concordar com tudo, mas seguir junto, segurando a onda.&#8221;<\/p>\n<h2>Revela\u00e7\u00f5es e transforma\u00e7\u00f5es durante o reencontro<\/h2>\n<p>Durante o reencontro das personagens, entre mem\u00f3rias profissionais, familiares e amorosas, surgem situa\u00e7\u00f5es inesperadas e revela\u00e7\u00f5es capazes de transformar completamente suas trajet\u00f3rias pessoais. Gustavo Pinheiro, autor da obra, expressa sua vis\u00e3o: &#8220;Quem vier assistir a &#8216;Uma Vida de Amizade&#8217;, vai assistir a uma hist\u00f3ria de afeto de tr\u00eas amigas que atravessaram d\u00e9cadas, com todos os percal\u00e7os que isso pode implicar, todas as alegrias, mas sem perder a ternura jamais.&#8221;<\/p>\n<h3>Promo\u00e7\u00e3o especial para assinantes<\/h3>\n<p>Assinantes de O GLOBO contam com descontos especiais para desmistificar os tabus et\u00e1rios e se emocionar com a hist\u00f3ria de Gilda, Yasmin e Ren\u00e9e, participando de uma noite de teatro inesquec\u00edvel atrav\u00e9s do Clube do jornal. Esta \u00e9 uma oportunidade imperd\u00edvel de vivenciar uma pe\u00e7a que celebra a amizade, a resili\u00eancia e a vitalidade das mulheres contempor\u00e2neas.<\/p>","protected":false},"excerpt":{"rendered":"<p>Uma Vida de Amizade estreia no Teatro Fashion Mall com Silvia Pfeifer, Adriana Garambone e Helena Fernandes. Com\u00e9dia emotiva 50+.<\/p>","protected":false},"author":4,"featured_media":25301,"comment_status":"open","ping_status":"open","sticky":false,"template":"","format":"standard","meta":{"_crdt_document":"","footnotes":""},"categories":[269],"tags":[],"class_list":["post-25307","post","type-post","status-publish","format-standard","has-post-thumbnail","hentry","category-noticias"],"brizy_media":[],"_links":{"self":[{"href":"https:\/\/jornalcorporativo.com.br\/en\/wp-json\/wp\/v2\/posts\/25307","targetHints":{"allow":["GET"]}}],"collection":[{"href":"https:\/\/jornalcorporativo.com.br\/en\/wp-json\/wp\/v2\/posts"}],"about":[{"href":"https:\/\/jornalcorporativo.com.br\/en\/wp-json\/wp\/v2\/types\/post"}],"author":[{"embeddable":true,"href":"https:\/\/jornalcorporativo.com.br\/en\/wp-json\/wp\/v2\/users\/4"}],"replies":[{"embeddable":true,"href":"https:\/\/jornalcorporativo.com.br\/en\/wp-json\/wp\/v2\/comments?post=25307"}],"version-history":[{"count":0,"href":"https:\/\/jornalcorporativo.com.br\/en\/wp-json\/wp\/v2\/posts\/25307\/revisions"}],"wp:featuredmedia":[{"embeddable":true,"href":"https:\/\/jornalcorporativo.com.br\/en\/wp-json\/wp\/v2\/media\/25301"}],"wp:attachment":[{"href":"https:\/\/jornalcorporativo.com.br\/en\/wp-json\/wp\/v2\/media?parent=25307"}],"wp:term":[{"taxonomy":"category","embeddable":true,"href":"https:\/\/jornalcorporativo.com.br\/en\/wp-json\/wp\/v2\/categories?post=25307"},{"taxonomy":"post_tag","embeddable":true,"href":"https:\/\/jornalcorporativo.com.br\/en\/wp-json\/wp\/v2\/tags?post=25307"}],"curies":[{"name":"wp","href":"https:\/\/api.w.org\/{rel}","templated":true}]}}