{"id":25313,"date":"2026-04-28T00:02:02","date_gmt":"2026-04-28T03:02:02","guid":{"rendered":"https:\/\/jornalcorporativo.com.br\/redacao\/trump-melania-pedem-demissao-jimmy-kimmel-piada\/"},"modified":"2026-04-28T00:02:02","modified_gmt":"2026-04-28T03:02:02","slug":"trump-melania-pedem-demissao-jimmy-kimmel-piada","status":"publish","type":"post","link":"https:\/\/jornalcorporativo.com.br\/en\/internacional\/trump-melania-pedem-demissao-jimmy-kimmel-piada\/","title":{"rendered":"Trump e Melania pedem demiss\u00e3o de Jimmy Kimmel ap\u00f3s pol\u00eamica piada na TV americana"},"content":{"rendered":"<h2>Trump se une a Melania contra Jimmy Kimmel<\/h2>\n<p>O presidente dos Estados Unidos, Donald Trump, apoiou publicamente a primeira-dama Melania Trump na exig\u00eancia de demiss\u00e3o do apresentador Jimmy Kimmel da rede ABC, propriedade do grupo Disney. A a\u00e7\u00e3o ocorreu ap\u00f3s coment\u00e1rios controversos feitos pelo humorista em seu programa de televis\u00e3o, gerando repercuss\u00e3o significativa entre apoiadores do casal presidencial.<\/p>\n<h2>O coment\u00e1rio que desencadeou a pol\u00eamica<\/h2>\n<p>Jimmy Kimmel fez uma piada durante um mon\u00f3logo humor\u00edstico em que se referiu a Melania Trump como uma &#8220;futura vi\u00fava&#8221;. O coment\u00e1rio foi realizado apenas dois dias antes de um incidente de seguran\u00e7a grave ocorrido no jantar anual da Associa\u00e7\u00e3o de Correspondentes da Casa Branca em Washington. A conex\u00e3o temporal entre a piada e o incidente subsequente amplificou as cr\u00edticas do casal presidencial.<\/p>\n<h2>Rea\u00e7\u00e3o oficial de Trump nas redes sociais<\/h2>\n<p>Trump utilizou sua plataforma Truth Social para expressar sua indigna\u00e7\u00e3o. O presidente classificou a fala de Kimmel como um &#8220;desprez\u00edvel apelo \u00e0 viol\u00eancia&#8221; e exigiu que a emissora ABC tomasse medidas contra o apresentador. Em seu comunicado, Trump conectou a piada ao incidente de seguran\u00e7a que ocorreu pouco depois, argumentando que o coment\u00e1rio criou um clima de hostilidade.<\/p>\n<p>&#8220;Um dia depois, um lun\u00e1tico tentou entrar no sal\u00e3o do jantar da Associa\u00e7\u00e3o de Correspondentes da Casa Branca, carregando uma espingarda, uma pistola e v\u00e1rias facas. Ele estava l\u00e1 por uma raz\u00e3o muito \u00f3bvia e sinistra. Agrade\u00e7o que tantas pessoas estejam indignadas com o desprez\u00edvel incentivo \u00e0 viol\u00eancia feito por Kimmel&#8221;, afirmou o presidente em seu post.<\/p>\n<h2>Posicionamento da primeira-dama Melania<\/h2>\n<p>Melania Trump foi a primeira a se pronunciar sobre o assunto atrav\u00e9s das redes sociais. A primeira-dama acusou Jimmy Kimmel de usar a plataforma televisiva para propagar divis\u00e3o pol\u00edtica e ret\u00f3rica odiosa. Em sua declara\u00e7\u00e3o, ela pediu que a ABC tomasse uma posi\u00e7\u00e3o clara quanto aos coment\u00e1rios do apresentador, afirmando que &#8220;j\u00e1 passou da hora&#8221; de a emissora agir.<\/p>\n<p>A primeira-dama caracterizou o discurso de Kimmel como &#8220;odiosa e violenta&#8221;, referindo-se a um padr\u00e3o de coment\u00e1rios controversos feitos recentemente no ar por parte do apresentador.<\/p>\n<h2>Hist\u00f3rico de tens\u00e3o entre Trump e Kimmel<\/h2>\n<p>A rela\u00e7\u00e3o entre Trump e Kimmel \u00e9 conhecida pelos espectadores da televis\u00e3o americana h\u00e1 anos. O apresentador do &#8220;Jimmy Kimmel Live!&#8221; \u00e9 um cr\u00edtico frequente e vocal do republicano durante seus mon\u00f3logos noturnos, enquanto Trump costuma responder publicamente aos ataques de humoristas e ve\u00edculos de imprensa. Essa din\u00e2mica adversarial mant\u00e9m uma tens\u00e3o constante entre ambos.<\/p>\n<h2>Precedente anterior: pol\u00eamica sobre Charlie Kirk<\/h2>\n<p>Este n\u00e3o foi o primeiro incidente envolvendo Jimmy Kimmel e aliados de Trump. Em setembro de 2025, o apresentador enfrentou uma suspens\u00e3o de quase uma semana em seu programa ap\u00f3s fazer uma piada sobre o suspeito do assassinato de Charlie Kirk, influente ativista conservador. Grandes empresas de comunica\u00e7\u00e3o, incluindo Nexstar Media Group e Sinclair Broadcast Group, que controlam afiliadas da ABC em v\u00e1rias cidades americanas, recusaram-se a transmitir o programa.<\/p>\n<p>Durante um mon\u00f3logo, Kimmel ironizou a tentativa do movimento MAGA de aproveitar politicamente a morte de Kirk, dizendo que o grupo estava tentando &#8220;retratar esse garoto que matou o Charlie Kirk como qualquer coisa que n\u00e3o seja um dos deles&#8221;. O ativista havia sido baleado e morto no dia 10 de setembro durante um debate na Universidade do Vale de Utah.<\/p>\n<h2>Retorno de Kimmel \u00e0 televis\u00e3o<\/h2>\n<p>Ap\u00f3s a suspens\u00e3o, Jimmy Kimmel retornou ao ar com aplausos de p\u00e9 da plateia. O apresentador reconheceu a gravidade da situa\u00e7\u00e3o, pedindo desculpas caso seu coment\u00e1rio sobre Charlie Kirk tivesse soado &#8220;inoportuno ou confuso&#8221;. Ele reafirmou que nunca teve a inten\u00e7\u00e3o de zombar da morte de um jovem, esclarecendo que o crime foi cometido por &#8220;um homem doente que acreditava que a viol\u00eancia era uma solu\u00e7\u00e3o&#8221;.<\/p>\n<h2>Defesa da liberdade de express\u00e3o<\/h2>\n<p>Em seu discurso de retorno, Kimmel criticou a suspens\u00e3o como um ataque \u00e0 liberdade de express\u00e3o americana. O apresentador enfatizou que o governo n\u00e3o deve controlar o que \u00e9 dito ou deixado de ser dito na televis\u00e3o, caracterizando qualquer tentativa nesse sentido como &#8220;antiamericana&#8221;.<\/p>\n<p>At\u00e9 o momento, a rede ABC n\u00e3o se pronunciou oficialmente sobre as exig\u00eancias de Trump e Melania para a demiss\u00e3o de Kimmel. A situa\u00e7\u00e3o permanece em desenvolvimento, refletindo as tens\u00f5es cont\u00ednuas entre a administra\u00e7\u00e3o Trump e certos setores da m\u00eddia de entretenimento americana.<\/p>","protected":false},"excerpt":{"rendered":"<p>Trump e Melania exigem demiss\u00e3o de Jimmy Kimmel ap\u00f3s pol\u00eamica piada sobre a primeira-dama na TV americana<\/p>","protected":false},"author":4,"featured_media":25312,"comment_status":"open","ping_status":"open","sticky":false,"template":"","format":"standard","meta":{"_crdt_document":"","footnotes":""},"categories":[2],"tags":[],"class_list":["post-25313","post","type-post","status-publish","format-standard","has-post-thumbnail","hentry","category-internacional"],"brizy_media":[],"_links":{"self":[{"href":"https:\/\/jornalcorporativo.com.br\/en\/wp-json\/wp\/v2\/posts\/25313","targetHints":{"allow":["GET"]}}],"collection":[{"href":"https:\/\/jornalcorporativo.com.br\/en\/wp-json\/wp\/v2\/posts"}],"about":[{"href":"https:\/\/jornalcorporativo.com.br\/en\/wp-json\/wp\/v2\/types\/post"}],"author":[{"embeddable":true,"href":"https:\/\/jornalcorporativo.com.br\/en\/wp-json\/wp\/v2\/users\/4"}],"replies":[{"embeddable":true,"href":"https:\/\/jornalcorporativo.com.br\/en\/wp-json\/wp\/v2\/comments?post=25313"}],"version-history":[{"count":0,"href":"https:\/\/jornalcorporativo.com.br\/en\/wp-json\/wp\/v2\/posts\/25313\/revisions"}],"wp:featuredmedia":[{"embeddable":true,"href":"https:\/\/jornalcorporativo.com.br\/en\/wp-json\/wp\/v2\/media\/25312"}],"wp:attachment":[{"href":"https:\/\/jornalcorporativo.com.br\/en\/wp-json\/wp\/v2\/media?parent=25313"}],"wp:term":[{"taxonomy":"category","embeddable":true,"href":"https:\/\/jornalcorporativo.com.br\/en\/wp-json\/wp\/v2\/categories?post=25313"},{"taxonomy":"post_tag","embeddable":true,"href":"https:\/\/jornalcorporativo.com.br\/en\/wp-json\/wp\/v2\/tags?post=25313"}],"curies":[{"name":"wp","href":"https:\/\/api.w.org\/{rel}","templated":true}]}}