{"id":25314,"date":"2026-04-28T00:02:02","date_gmt":"2026-04-28T03:02:02","guid":{"rendered":"https:\/\/jornalcorporativo.com.br\/redacao\/sabastian-sawe-assassino-silencioso-recorde-maratona\/"},"modified":"2026-04-28T00:02:02","modified_gmt":"2026-04-28T03:02:02","slug":"sabastian-sawe-assassino-silencioso-recorde-maratona","status":"publish","type":"post","link":"https:\/\/jornalcorporativo.com.br\/en\/esportes\/sabastian-sawe-assassino-silencioso-recorde-maratona\/","title":{"rendered":"Sabastian Sawe: conhe\u00e7a o &#8216;assassino silencioso&#8217; que quebrou a barreira das 2 horas na maratona"},"content":{"rendered":"<h2>Quem \u00e9 Sabastian Sawe, o novo fen\u00f4meno da maratona<\/h2>\n<p>Conhecido entre os seus como o &#8216;assassino silencioso&#8217;, Sabastian Sawe \u00e9 um corredor queniano discreto e extremamente eficiente, que entrou para a hist\u00f3ria do atletismo mundial no \u00faltimo domingo ao se tornar o primeiro homem a completar uma maratona oficial abaixo das duas horas. Aos 31 anos, o atleta cruzou a linha de chegada em Londres com o tempo impressionante de 1h59min30s, marcando um novo recorde mundial que estava sendo perseguido h\u00e1 d\u00e9cadas.<\/p>\n<p>Diferentemente de outros grandes nomes das provas de longa dist\u00e2ncia, o feito hist\u00f3rico de Sawe foi constru\u00eddo longe dos holofotes e da m\u00eddia internacional. Seu nome n\u00e3o estava entre os mais badalados antes dessa conquista memor\u00e1vel, o que torna sua vit\u00f3ria ainda mais expressiva e surpreendente para o mundo da corrida.<\/p>\n<h2>Uma hist\u00f3ria forjada no Vale do Rift<\/h2>\n<p>Nascido em 1995 no Vale do Rift, no Qu\u00eania, Sabastian Sawe cresceu em uma das principais regi\u00f5es produtoras de corredores de longa dist\u00e2ncia do mundo. Este territ\u00f3rio, que j\u00e1 revelou gera\u00e7\u00f5es inteiras de campe\u00f5es como o bicampe\u00e3o ol\u00edmpico Eliud Kipchoge, oferece uma combina\u00e7\u00e3o \u00fanica de fatores que facilitam o desenvolvimento de atletas de elite: altitude natural, disciplina cultural e uma tradi\u00e7\u00e3o profundamente enraizada na pr\u00e1tica da corrida.<\/p>\n<p>Filho de um agricultor que cultivava milho, Sawe seguiu um caminho cl\u00e1ssico para os quenianos da regi\u00e3o. Para os moradores do Vale do Rift, correr n\u00e3o \u00e9 apenas um esporte, mas parte integral da rotina di\u00e1ria, mesmo sem acesso a estruturas sofisticadas de treinamento. Sawe estudou na tradicional St Patrick&#8217;s High School, em Iten, uma das institui\u00e7\u00f5es mais associadas \u00e0 forma\u00e7\u00e3o de atletas de elite no pa\u00eds.<\/p>\n<h2>Uma trajet\u00f3ria sem destaque inicial<\/h2>\n<p>Ao contr\u00e1rio de muitos compatriotas que se tornaram fen\u00f4menos precoces, Sabastian Sawe iniciou sua jornada na corrida competindo em dist\u00e2ncias mais curtas. A mudan\u00e7a para as provas de fundo ocorreu quase por acaso em 2019, quando chegou atrasado em uma competi\u00e7\u00e3o e s\u00f3 conseguiu participar dos 5.000 metros, sagrando-se vencedor. A partir desse momento, come\u00e7ou a acumular resultados mais consistentes, ainda que de forma discreta.<\/p>\n<p>Sua entrada na elite do atletismo enfrentou desafios significativos. H\u00e1 seis anos, uma les\u00e3o no tend\u00e3o combinada com os impactos da pandemia pausaram sua evolu\u00e7\u00e3o profissional. Sawe manteve sua rotina padr\u00e3o de treinos enquanto esperava pelas oportunidades nas grandes competi\u00e7\u00f5es internacionais, ao mesmo tempo que se destacava nas provas de meia maratona, tornando-se campe\u00e3o mundial dos 21km em 2023.<\/p>\n<h2>O ponto de virada na carreira<\/h2>\n<p>A mudan\u00e7a decisiva na trajet\u00f3ria de Sawe ocorreu recentemente. Em sua primeira maratona completa, na prova de Valencia em 2024, ele venceu a corrida com um tempo competitivo de 2h02min05s. Subsequentemente, suas vit\u00f3rias nas Maratonas de Londres (2h02min27s) e Berlim (2h02min16s) no ano anterior pavimentaram o caminho para sua apresenta\u00e7\u00e3o como um dos grandes favoritos nas ruas londrinas.<\/p>\n<p>O desempenho alcan\u00e7ado no \u00faltimo domingo transcendeu a simples vit\u00f3ria nas dist\u00e2ncias extenuantes de 42 quil\u00f4metros. Sawe mudou fundamentalmente os paradigmas do atletismo, similar ao que Jim Hines realizou nos Jogos Ol\u00edmpicos do M\u00e9xico em 1968 ao correr os 100 metros abaixo dos dez segundos.<\/p>\n<h2>O papel crucial da tecnologia do t\u00eanis<\/h2>\n<p>Compreender o feito de Sabastian Sawe exige an\u00e1lise cuidadosa da tecnologia do t\u00eanis que utilizou. H\u00e1 anos, as grandes marcas de cal\u00e7ados desportivos buscam inova\u00e7\u00f5es para romper a barreira das duas horas, que durante d\u00e9cadas foi tratada como um limite fisiol\u00f3gico praticamente inquebr\u00e1vel do corpo humano.<\/p>\n<p>A Nike tentou sair na frente anos atr\u00e1s com o j\u00e1 mencionado Eliud Kipchoge, que em 2019 conseguiu correr abaixo das duas horas, por\u00e9m o tempo n\u00e3o foi registrado em uma prova oficial. Sawe utilizou o Adizero Adios Pro Evo 3, um modelo da Adidas especificamente desenvolvido para maximizar a efici\u00eancia energ\u00e9tica do atleta. Pesando menos de 100 gramas, o cal\u00e7ado combina uma espuma de alta resposta com uma placa de carbono, criando um efeito de retorno de energia que reduz significativamente o custo fisiol\u00f3gico ao longo dos 42 quil\u00f4metros.<\/p>\n<h2>Como a tecnologia impacta o desempenho<\/h2>\n<p>Na pr\u00e1tica, essa tecnologia revolucion\u00e1ria funciona melhorando a economia de corrida, ou seja, a quantidade de energia que o atleta necessita gastar para manter um determinado ritmo. Conforme reportado pela Reuters, estudos cient\u00edficos e an\u00e1lises t\u00e9cnicas indicam que esses &#8216;super t\u00eanis&#8217; geram ganhos percentuais pequenos, mas decisivos em competi\u00e7\u00f5es de elite.<\/p>\n<p>Em uma prova de n\u00edvel mundial, uma melhora de apenas 1% na efici\u00eancia j\u00e1 pode representar alguns segundos ou at\u00e9 minutos de vantagem decisiva. Combinado aos treinos de 240 quil\u00f4metros por semana, \u00e0 alimenta\u00e7\u00e3o com carboidratos controlados durante a corrida e \u00e0 hidrata\u00e7\u00e3o perfeita, o &#8216;super t\u00eanis&#8217; forneceu o impulso final necess\u00e1rio para iniciar uma nova era nas maratonas profissionais.<\/p>\n<p>Vale destacar que os tr\u00eas primeiros colocados na corrida de Londres bateram o anterior recorde mundial estabelecido por Kelvin Kiptum, que era de 2h00min35s, demonstrando o impacto uniforme da tecnologia nas competi\u00e7\u00f5es de ponta.<\/p>\n<h2>O debate sobre limites tecnol\u00f3gicos no esporte<\/h2>\n<p>A presen\u00e7a dominante dos &#8216;super t\u00eanis&#8217; nas marcas alcan\u00e7adas reaviva intensamente o debate acerca dos limites do desempenho esportivo moderno. Cr\u00edticos apontam para poss\u00edveis vantagens tecnol\u00f3gicas desproporcionais, enquanto outros argumentam que a evolu\u00e7\u00e3o tecnol\u00f3gica faz parte leg\u00edtima da hist\u00f3ria cont\u00ednua do atletismo.<\/p>\n<p>A World Athletics, entidade m\u00e1xima que governa o esporte, optou por uma abordagem moderada e equilibrada. A organiza\u00e7\u00e3o passou a regular rigorosamente esses modelos avan\u00e7ados, estabelecendo limites t\u00e9cnicos espec\u00edficos, mas sem impedir completamente seu uso. Existem restri\u00e7\u00f5es oficiais quanto \u00e0 espessura m\u00e1xima e \u00e0s placas de carbono permitidas nos cal\u00e7ados utilizados em provas oficiais.<\/p>\n<p>O pr\u00f3prio Sabastian Sawe respondeu \u00e0s cr\u00edticas, afirmando que o t\u00eanis \u00e9 confort\u00e1vel, leve e oferece excelente suporte, al\u00e9m de impulsionar o atleta para frente. Ele nega categoricamente que o uso dessa tecnologia possa ser considerado doping, argumentando que o cal\u00e7ado foi devidamente aprovado pelas autoridades competentes do atletismo mundial.<\/p>","protected":false},"excerpt":{"rendered":"<p>Conhe\u00e7a Sabastian Sawe, queniano que quebrou o recorde da maratona em menos de 2h. Descubra seu trajeto e o papel da tecnologia de t\u00eanis<\/p>","protected":false},"author":4,"featured_media":25310,"comment_status":"open","ping_status":"open","sticky":false,"template":"","format":"standard","meta":{"_crdt_document":"","footnotes":""},"categories":[6],"tags":[],"class_list":["post-25314","post","type-post","status-publish","format-standard","has-post-thumbnail","hentry","category-esportes"],"brizy_media":[],"_links":{"self":[{"href":"https:\/\/jornalcorporativo.com.br\/en\/wp-json\/wp\/v2\/posts\/25314","targetHints":{"allow":["GET"]}}],"collection":[{"href":"https:\/\/jornalcorporativo.com.br\/en\/wp-json\/wp\/v2\/posts"}],"about":[{"href":"https:\/\/jornalcorporativo.com.br\/en\/wp-json\/wp\/v2\/types\/post"}],"author":[{"embeddable":true,"href":"https:\/\/jornalcorporativo.com.br\/en\/wp-json\/wp\/v2\/users\/4"}],"replies":[{"embeddable":true,"href":"https:\/\/jornalcorporativo.com.br\/en\/wp-json\/wp\/v2\/comments?post=25314"}],"version-history":[{"count":0,"href":"https:\/\/jornalcorporativo.com.br\/en\/wp-json\/wp\/v2\/posts\/25314\/revisions"}],"wp:featuredmedia":[{"embeddable":true,"href":"https:\/\/jornalcorporativo.com.br\/en\/wp-json\/wp\/v2\/media\/25310"}],"wp:attachment":[{"href":"https:\/\/jornalcorporativo.com.br\/en\/wp-json\/wp\/v2\/media?parent=25314"}],"wp:term":[{"taxonomy":"category","embeddable":true,"href":"https:\/\/jornalcorporativo.com.br\/en\/wp-json\/wp\/v2\/categories?post=25314"},{"taxonomy":"post_tag","embeddable":true,"href":"https:\/\/jornalcorporativo.com.br\/en\/wp-json\/wp\/v2\/tags?post=25314"}],"curies":[{"name":"wp","href":"https:\/\/api.w.org\/{rel}","templated":true}]}}