{"id":25315,"date":"2026-04-28T00:02:03","date_gmt":"2026-04-28T03:02:03","guid":{"rendered":"https:\/\/jornalcorporativo.com.br\/redacao\/bebe-misterioso-auckland-enterrado-114-anos-depois\/"},"modified":"2026-04-28T00:02:03","modified_gmt":"2026-04-28T03:02:03","slug":"bebe-misterioso-auckland-enterrado-114-anos-depois","status":"publish","type":"post","link":"https:\/\/jornalcorporativo.com.br\/en\/internacional\/bebe-misterioso-auckland-enterrado-114-anos-depois\/","title":{"rendered":"Beb\u00ea Misterioso de Auckland: Enterrado 114 Anos Depois de Sua Morte em Caso Sem Solu\u00e7\u00e3o"},"content":{"rendered":"<h2>Um Mist\u00e9rio Centen\u00e1rio Finalmente Recebe Repouso Digno<\/h2>\n<p>Um dos casos mais intrigantes do Reino Unido foi encerrado sem respostas definitivas, mas com um desfecho respeitoso. Em 2024, um pedreiro trabalhando em uma resid\u00eancia na cidade de Bishop Auckland, condado de Durham, na Inglaterra, fez uma descoberta macabra ao encontrar os restos mortais de um beb\u00ea sob o assoalho de uma casa. O pequeno corpo, envolto em um jornal de 1910 com um barbante amarrado no pesco\u00e7o, permaneceu desaparecido por mais de um s\u00e9culo, at\u00e9 que finalmente recebeu um sepultamento digno no cemit\u00e9rio local na segunda-feira, 27 de novembro.<\/p>\n<h2>Os Detalhes Perturbadores da Descoberta<\/h2>\n<p>Os restos mortais do beb\u00ea, que ficou conhecido como <strong>Beb\u00ea de Auckland<\/strong> pela falta de identifica\u00e7\u00e3o, foram encontrados enrolados em uma edi\u00e7\u00e3o de 10 de junho de 1910 do <em>The Umpire<\/em>, um popular jornal dominical brit\u00e2nico da \u00e9poca. A presen\u00e7a do jornal permitiu que os investigadores determinassem com relativa precis\u00e3o quando o beb\u00ea faleceu. Segundo a aut\u00f3psia realizada, a crian\u00e7a teria vivido aproximadamente 40 semanas, sugerindo que era um rec\u00e9m-nascido ou um beb\u00ea muito pequeno.<\/p>\n<p>A descoberta do barbante amarrado ao redor do pesco\u00e7o levantou quest\u00f5es perturbadoras sobre as circunst\u00e2ncias da morte, sugerindo poss\u00edvel neglig\u00eancia ou at\u00e9 mesmo crime. No entanto, a aut\u00f3psia n\u00e3o conseguiu confirmar conclusivamente a causa do \u00f3bito, deixando o caso envolvido em mist\u00e9rio.<\/p>\n<h2>Investiga\u00e7\u00e3o Abrangente e Esfor\u00e7os Forenses<\/h2>\n<p>O detetive-chefe <strong>Mel Sutherland<\/strong>, respons\u00e1vel pela condu\u00e7\u00e3o da investiga\u00e7\u00e3o, liderou um processo meticuloso para reunir o m\u00e1ximo de informa\u00e7\u00f5es poss\u00edvel sobre o Beb\u00ea de Auckland. A investiga\u00e7\u00e3o contou com a expertise de um <strong>antrop\u00f3logo forense<\/strong> que escavou cuidadosamente o assoalho para recuperar todos os restos mortais dispon\u00edveis. Com exce\u00e7\u00e3o de um pequeno osso do dedinho do p\u00e9, praticamente todo o esqueleto foi recuperado.<\/p>\n<p>Durante a investiga\u00e7\u00e3o, v\u00e1rias pessoas surgiram alegando ter algum parentesco ou liga\u00e7\u00e3o com o beb\u00ea. Por\u00e9m, ap\u00f3s a realiza\u00e7\u00e3o de <strong>exames de DNA<\/strong>, nenhuma correspond\u00eancia gen\u00e9tica foi encontrada, eliminando essas pistas. O detetive-chefe confirmou que todas as linhas de investiga\u00e7\u00e3o foram completamente esgotadas, indicando que a identidade e as circunst\u00e2ncias exatas da morte do beb\u00ea podem nunca ser totalmente esclarecidas.<\/p>\n<h2>Sepultamento Digno e Reconhecimento<\/h2>\n<p>A cerim\u00f4nia de sepultamento foi descrita como profundamente emocionante e significativa. O detetive-chefe Mel Sutherland expressou al\u00edvio e satisfa\u00e7\u00e3o pelo encerramento respeitoso do caso, afirmando: <strong>&#8220;\u00c9 um dia emocionante. Foi um processo bastante longo. Foi uma cerim\u00f4nia realmente linda. Estarmos juntos hoje nos permitiu reconhecer adequadamente a vida deste menino e garantir que ele fosse sepultado com a dignidade e o respeito que merecia. Esperamos que ele agora descanse em paz.&#8221;<\/strong><\/p>\n<p>Este desfecho representa n\u00e3o apenas o encerramento de uma investiga\u00e7\u00e3o policial, mas tamb\u00e9m um reconhecimento da import\u00e2ncia de honrar todas as vidas, n\u00e3o importa qu\u00e3o breve tenha sido sua exist\u00eancia ou quanto tempo tenha se passado. O Beb\u00ea de Auckland, embora nunca tenha sido identificado, recebeu finalmente o respeito e a dignidade que merecia ap\u00f3s mais de um s\u00e9culo de descanso esquecido sob o assoalho de uma casa.<\/p>","protected":false},"excerpt":{"rendered":"<p>Beb\u00ea encontrado sob assoalho em 1910 \u00e9 finalmente enterrado com dignidade. Caso permanece sem solu\u00e7\u00e3o ap\u00f3s investiga\u00e7\u00e3o forense abrangente.<\/p>","protected":false},"author":4,"featured_media":25309,"comment_status":"open","ping_status":"open","sticky":false,"template":"","format":"standard","meta":{"_crdt_document":"","footnotes":""},"categories":[2],"tags":[],"class_list":["post-25315","post","type-post","status-publish","format-standard","has-post-thumbnail","hentry","category-internacional"],"brizy_media":[],"_links":{"self":[{"href":"https:\/\/jornalcorporativo.com.br\/en\/wp-json\/wp\/v2\/posts\/25315","targetHints":{"allow":["GET"]}}],"collection":[{"href":"https:\/\/jornalcorporativo.com.br\/en\/wp-json\/wp\/v2\/posts"}],"about":[{"href":"https:\/\/jornalcorporativo.com.br\/en\/wp-json\/wp\/v2\/types\/post"}],"author":[{"embeddable":true,"href":"https:\/\/jornalcorporativo.com.br\/en\/wp-json\/wp\/v2\/users\/4"}],"replies":[{"embeddable":true,"href":"https:\/\/jornalcorporativo.com.br\/en\/wp-json\/wp\/v2\/comments?post=25315"}],"version-history":[{"count":0,"href":"https:\/\/jornalcorporativo.com.br\/en\/wp-json\/wp\/v2\/posts\/25315\/revisions"}],"wp:featuredmedia":[{"embeddable":true,"href":"https:\/\/jornalcorporativo.com.br\/en\/wp-json\/wp\/v2\/media\/25309"}],"wp:attachment":[{"href":"https:\/\/jornalcorporativo.com.br\/en\/wp-json\/wp\/v2\/media?parent=25315"}],"wp:term":[{"taxonomy":"category","embeddable":true,"href":"https:\/\/jornalcorporativo.com.br\/en\/wp-json\/wp\/v2\/categories?post=25315"},{"taxonomy":"post_tag","embeddable":true,"href":"https:\/\/jornalcorporativo.com.br\/en\/wp-json\/wp\/v2\/tags?post=25315"}],"curies":[{"name":"wp","href":"https:\/\/api.w.org\/{rel}","templated":true}]}}