{"id":25321,"date":"2026-04-28T04:00:52","date_gmt":"2026-04-28T07:00:52","guid":{"rendered":"https:\/\/jornalcorporativo.com.br\/redacao\/kassab-palanque-caiado-rio-paes-lula\/"},"modified":"2026-04-28T04:00:52","modified_gmt":"2026-04-28T07:00:52","slug":"kassab-palanque-caiado-rio-paes-lula","status":"publish","type":"post","link":"https:\/\/jornalcorporativo.com.br\/en\/politica\/kassab-palanque-caiado-rio-paes-lula\/","title":{"rendered":"Kassab prev\u00ea palanque para Caiado no Rio com apoio de Paes, apesar de lealdade a Lula"},"content":{"rendered":"<h2>Estrat\u00e9gia do PSD para as elei\u00e7\u00f5es presidenciais de 2026<\/h2>\n<p>O presidente nacional do PSD, Gilberto Kassab, revelou sua estrat\u00e9gia nacional para as pr\u00f3ximas elei\u00e7\u00f5es presidenciais durante um evento do grupo empresarial Lide. Segundo o dirigente, o partido est\u00e1 construindo uma candidatura presidencial s\u00f3lida para o ex-governador de Goi\u00e1s, Ronaldo Caiado, que contar\u00e1 com apoio em diversas regi\u00f5es do pa\u00eds, incluindo o Rio de Janeiro.<\/p>\n<h2>A complexa situa\u00e7\u00e3o no Rio de Janeiro<\/h2>\n<p>No Rio de Janeiro, existe uma situa\u00e7\u00e3o particularmente delicada para o PSD. Eduardo Paes, ex-prefeito da capital e pr\u00e9-candidato do partido ao governo estadual, tem mantido um posicionamento claro de apoio \u00e0 reelei\u00e7\u00e3o do presidente Luiz In\u00e1cio Lula da Silva. Paes \u00e9 visto como um aliado consolidado do petista e j\u00e1 declarou publicamente seu apoio em diversas ocasi\u00f5es.<\/p>\n<p>Apesar dessa aparente contradi\u00e7\u00e3o, Kassab afirmou que o partido conseguir\u00e1 compatibilizar as duas candidaturas no estado. Conforme suas palavras: &#8220;No Rio de Janeiro, por exemplo, o Eduardo Paes \u00e9 p\u00fablico, todos os candidatos a presidente est\u00e3o com ele, o Lula est\u00e1 e tem muito bolsonarista. O PSD nacional est\u00e1 construindo uma candidatura l\u00e1 um palanque: Eduardo Paes para governador e Ronaldo Caiado para presidente. Simples assim&#8221;.<\/p>\n<h2>Apoios pol\u00edticos e alian\u00e7as estrat\u00e9gicas<\/h2>\n<p>Eduardo Paes conta com apoio formal do PT no Rio de Janeiro e pretende indicar a deputada federal Benedita da Silva como candidata ao Senado em sua chapa. Al\u00e9m disso, o ex-prefeito escolheu a advogada Jane Reis, irm\u00e3 do presidente do diret\u00f3rio estadual do MDB, Washington Reis, como candidata a vice-governadora, mantendo uma segunda vaga ao Senado em aberto.<\/p>\n<h2>Organiza\u00e7\u00e3o do PSD nos demais estados<\/h2>\n<p>Kassab tamb\u00e9m detalhou como o PSD est\u00e1 se organizando em outras regi\u00f5es para as elei\u00e7\u00f5es estaduais. Em S\u00e3o Paulo, a legenda apoiar\u00e1 a reelei\u00e7\u00e3o do governador Tarc\u00edsio de Freitas, do Republicanos. O partido est\u00e1 utilizando sua sede nacional para abrigar um comit\u00ea espec\u00edfico de campanha dedicado a Ronaldo Caiado para a presid\u00eancia, demonstrando o investimento institucional na candidatura.<\/p>\n<h3>Estrat\u00e9gias por estado<\/h3>\n<p>O presidente do PSD mencionou outras localidades onde o partido adotar\u00e1 diferentes estrat\u00e9gias. No Rio Grande do Sul, o PSD apoiar\u00e1 o vice-governador Gabriel Souza, do MDB. Na Bahia, a legenda se alinhar\u00e1 com o ex-prefeito de Salvador, ACM Neto. J\u00e1 em Santa Catarina, o partido lan\u00e7ar\u00e1 candidatura pr\u00f3pria com o ex-prefeito de Chapec\u00f3, Jo\u00e3o Rodrigues, e no Paran\u00e1, o ex-secret\u00e1rio de Infraestrutura e Log\u00edstica, Sandro Alex, disputar\u00e1 o governo estadual.<\/p>\n<h2>Contradi\u00e7\u00f5es aparentes na campanha<\/h2>\n<p>A estrat\u00e9gia apresentada por Kassab evidencia uma tentativa do PSD de manter candidatos em estados com posicionamentos pol\u00edticos distintos. Enquanto Paes se alinha com Lula e o PT no Rio, o partido simultaneamente constr\u00f3i uma campanha presidencial para Caiado, criando um cen\u00e1rio de coexist\u00eancia de apoios que pode parecer contradit\u00f3ria ao eleitorado.<\/p>\n<p>O dirigente, por\u00e9m, afirmou que essa quest\u00e3o &#8220;n\u00e3o vai haver&#8221; problema algum, sugerindo que o partido possui estrutura e organiza\u00e7\u00e3o suficientes para executar essa estrat\u00e9gia em &#8220;todos os estados&#8221; sem conflitos maiores. Essa abordagem reflete a complexidade do cen\u00e1rio pol\u00edtico atual, onde alian\u00e7as e apoios n\u00e3o se restringem mais a uma \u00fanica candidatura presidencial.<\/p>","protected":false},"excerpt":{"rendered":"<p>Kassab anuncia estrat\u00e9gia do PSD para 2026 com Caiado na presid\u00eancia e Paes no Rio, apesar do apoio a Lula.<\/p>","protected":false},"author":4,"featured_media":25320,"comment_status":"open","ping_status":"open","sticky":false,"template":"","format":"standard","meta":{"_crdt_document":"","footnotes":""},"categories":[7],"tags":[],"class_list":["post-25321","post","type-post","status-publish","format-standard","has-post-thumbnail","hentry","category-politica"],"brizy_media":[],"_links":{"self":[{"href":"https:\/\/jornalcorporativo.com.br\/en\/wp-json\/wp\/v2\/posts\/25321","targetHints":{"allow":["GET"]}}],"collection":[{"href":"https:\/\/jornalcorporativo.com.br\/en\/wp-json\/wp\/v2\/posts"}],"about":[{"href":"https:\/\/jornalcorporativo.com.br\/en\/wp-json\/wp\/v2\/types\/post"}],"author":[{"embeddable":true,"href":"https:\/\/jornalcorporativo.com.br\/en\/wp-json\/wp\/v2\/users\/4"}],"replies":[{"embeddable":true,"href":"https:\/\/jornalcorporativo.com.br\/en\/wp-json\/wp\/v2\/comments?post=25321"}],"version-history":[{"count":0,"href":"https:\/\/jornalcorporativo.com.br\/en\/wp-json\/wp\/v2\/posts\/25321\/revisions"}],"wp:featuredmedia":[{"embeddable":true,"href":"https:\/\/jornalcorporativo.com.br\/en\/wp-json\/wp\/v2\/media\/25320"}],"wp:attachment":[{"href":"https:\/\/jornalcorporativo.com.br\/en\/wp-json\/wp\/v2\/media?parent=25321"}],"wp:term":[{"taxonomy":"category","embeddable":true,"href":"https:\/\/jornalcorporativo.com.br\/en\/wp-json\/wp\/v2\/categories?post=25321"},{"taxonomy":"post_tag","embeddable":true,"href":"https:\/\/jornalcorporativo.com.br\/en\/wp-json\/wp\/v2\/tags?post=25321"}],"curies":[{"name":"wp","href":"https:\/\/api.w.org\/{rel}","templated":true}]}}