{"id":25327,"date":"2026-04-28T08:00:48","date_gmt":"2026-04-28T11:00:48","guid":{"rendered":"https:\/\/jornalcorporativo.com.br\/redacao\/apreensao-cocaina-continer-brasileiros-portugal\/"},"modified":"2026-04-28T08:00:48","modified_gmt":"2026-04-28T11:00:48","slug":"apreensao-cocaina-continer-brasileiros-portugal","status":"publish","type":"post","link":"https:\/\/jornalcorporativo.com.br\/en\/internacional\/apreensao-cocaina-continer-brasileiros-portugal\/","title":{"rendered":"Maior apreens\u00e3o de coca\u00edna em regi\u00e3o de Portugal: cont\u00eainer de brasileiros interceptado"},"content":{"rendered":"<h2>Opera\u00e7\u00e3o policial intercepta cont\u00eainer com coca\u00edna de origem brasileira<\/h2>\n<p>Uma opera\u00e7\u00e3o de seguran\u00e7a realizada em regi\u00e3o de Portugal resultou na apreens\u00e3o de uma quantidade significativa de coca\u00edna transportada em um cont\u00eainer vinculado a brasileiros. A intercepta\u00e7\u00e3o marca um marco importante nas opera\u00e7\u00f5es contra o tr\u00e1fico de drogas na regi\u00e3o, representando o maior volume de entorpecentes apreendido em atividades similares na \u00e1rea.<\/p>\n<h2>Detalhes da Opera\u00e7\u00e3o<\/h2>\n<p>As autoridades portuguesas conseguiram rastrear o carregamento il\u00edcito durante uma opera\u00e7\u00e3o de rotina de inspe\u00e7\u00e3o. O cont\u00eainer, que continha a coca\u00edna dissimulada entre mercadorias leg\u00edtimas, foi identificado gra\u00e7as aos esfor\u00e7os de vigil\u00e2ncia e coopera\u00e7\u00e3o entre diferentes ag\u00eancias de seguran\u00e7a. As investiga\u00e7\u00f5es apontam para uma rede de distribui\u00e7\u00e3o internacional de drogas.<\/p>\n<h3>Impacto na Seguran\u00e7a Regional<\/h3>\n<p>Esta apreens\u00e3o representa um golpe significativo contra o crime organizado que atua na regi\u00e3o. <strong>A quantidade de droga confiscada teria alcance de mercado consider\u00e1vel<\/strong>, podendo abastecer centros de distribui\u00e7\u00e3o em v\u00e1rias localidades. As autoridades continuam investigando o rastro da opera\u00e7\u00e3o para identificar todos os envolvidos na cadeia de tr\u00e1fico.<\/p>\n<h3>Conex\u00f5es Brasileiras<\/h3>\n<p>A origem brasileira do cont\u00eainer aponta para a continuidade de rotas de tr\u00e1fico que ligam o Brasil a mercados europeus. Esse tipo de opera\u00e7\u00e3o evidencia a necessidade de maior coopera\u00e7\u00e3o entre ag\u00eancias de seguran\u00e7a internacionais. <strong>O Brasil figura frequentemente em opera\u00e7\u00f5es relacionadas ao tr\u00e1fico internacional de coca\u00edna<\/strong>, consolidando-se como um dos pontos-chave nessa cadeia criminosa global.<\/p>\n<h2>Resposta das Autoridades<\/h2>\n<p>As autoridades refor\u00e7aram o compromisso com o combate ao tr\u00e1fico de drogas e anunciaram intensifica\u00e7\u00e3o das opera\u00e7\u00f5es nos portos e terminais de carga. O trabalho de intelig\u00eancia ser\u00e1 aprofundado para desarticular redes criminosas que utilizam rotas mar\u00edtimas para transportar entorpecentes. A coopera\u00e7\u00e3o internacional continua sendo essencial para o sucesso de opera\u00e7\u00f5es futuras.<\/p>\n<p>Este caso demonstra a sofistica\u00e7\u00e3o das opera\u00e7\u00f5es de tr\u00e1fico e a necessidade constante de moderniza\u00e7\u00e3o dos mecanismos de detec\u00e7\u00e3o e preven\u00e7\u00e3o. As investiga\u00e7\u00f5es prosseguem para elucidar a cadeia completa de distribui\u00e7\u00e3o e identificar os respons\u00e1veis pelo envio da droga.<\/p>","protected":false},"excerpt":{"rendered":"<p>Maior apreens\u00e3o de coca\u00edna em regi\u00e3o de Portugal: cont\u00eainer de brasileiros interceptado em opera\u00e7\u00e3o policial de seguran\u00e7a.<\/p>","protected":false},"author":4,"featured_media":25325,"comment_status":"open","ping_status":"open","sticky":false,"template":"","format":"standard","meta":{"_crdt_document":"","footnotes":""},"categories":[2],"tags":[],"class_list":["post-25327","post","type-post","status-publish","format-standard","has-post-thumbnail","hentry","category-internacional"],"brizy_media":[],"_links":{"self":[{"href":"https:\/\/jornalcorporativo.com.br\/en\/wp-json\/wp\/v2\/posts\/25327","targetHints":{"allow":["GET"]}}],"collection":[{"href":"https:\/\/jornalcorporativo.com.br\/en\/wp-json\/wp\/v2\/posts"}],"about":[{"href":"https:\/\/jornalcorporativo.com.br\/en\/wp-json\/wp\/v2\/types\/post"}],"author":[{"embeddable":true,"href":"https:\/\/jornalcorporativo.com.br\/en\/wp-json\/wp\/v2\/users\/4"}],"replies":[{"embeddable":true,"href":"https:\/\/jornalcorporativo.com.br\/en\/wp-json\/wp\/v2\/comments?post=25327"}],"version-history":[{"count":0,"href":"https:\/\/jornalcorporativo.com.br\/en\/wp-json\/wp\/v2\/posts\/25327\/revisions"}],"wp:featuredmedia":[{"embeddable":true,"href":"https:\/\/jornalcorporativo.com.br\/en\/wp-json\/wp\/v2\/media\/25325"}],"wp:attachment":[{"href":"https:\/\/jornalcorporativo.com.br\/en\/wp-json\/wp\/v2\/media?parent=25327"}],"wp:term":[{"taxonomy":"category","embeddable":true,"href":"https:\/\/jornalcorporativo.com.br\/en\/wp-json\/wp\/v2\/categories?post=25327"},{"taxonomy":"post_tag","embeddable":true,"href":"https:\/\/jornalcorporativo.com.br\/en\/wp-json\/wp\/v2\/tags?post=25327"}],"curies":[{"name":"wp","href":"https:\/\/api.w.org\/{rel}","templated":true}]}}