{"id":25328,"date":"2026-04-28T08:00:48","date_gmt":"2026-04-28T11:00:48","guid":{"rendered":"https:\/\/jornalcorporativo.com.br\/redacao\/glaucio-gomes-verdades-secretas-quem-ama-cuida\/"},"modified":"2026-04-28T08:00:48","modified_gmt":"2026-04-28T11:00:48","slug":"glaucio-gomes-verdades-secretas-quem-ama-cuida","status":"publish","type":"post","link":"https:\/\/jornalcorporativo.com.br\/en\/noticias\/glaucio-gomes-verdades-secretas-quem-ama-cuida\/","title":{"rendered":"Gl\u00e1ucio Gomes de Verdades Secretas faz participa\u00e7\u00e3o em Quem Ama Cuida da Globo"},"content":{"rendered":"<h2>Ator de Verdades Secretas integra elenco de nova novela das 21h<\/h2>\n<p>Gl\u00e1ucio Gomes, conhecido por sua marcante atua\u00e7\u00e3o como Rob\u00e9rio em &#8220;Verdades Secretas&#8221;, confirmou sua participa\u00e7\u00e3o na pr\u00f3xima novela das 21h da Rede Globo. O ator viver\u00e1 um empres\u00e1rio em &#8220;Quem Ama Cuida&#8221;, trama escrita por Walcyr Carrasco e Claudia Souto, com dire\u00e7\u00e3o art\u00edstica de Amora Mautner.<\/p>\n<h2>Sinopse e trama principal da novela<\/h2>\n<p>A hist\u00f3ria acompanha o milion\u00e1rio Arthur, interpretado por Antonio Fagundes, um homem extremamente rico que se v\u00ea cansado de manter financeiramente seus irm\u00e3os, Pilar e Ulisses. Essa situa\u00e7\u00e3o o leva a uma decis\u00e3o dr\u00e1stica: contrair matrim\u00f4nio com sua fisioterapeuta, Adriana, papel vivido por Leticia Colin, designando-a como sua \u00fanica herdeira.<\/p>\n<p>O enredo toma um rumo inesperado e tr\u00e1gico quando o rica\u00e7o \u00e9 assassinado de forma misteriosa. A culpa pelo crime recai sobre Adriana, que \u00e9 presa e condenada injustamente. Ap\u00f3s anos cumprindo senten\u00e7a na cadeia, a personagem consegue sua liberdade e se dedica a duas miss\u00f5es fundamentais: <strong>provar sua inoc\u00eancia e se vingar das pessoas que a prejudicaram<\/strong>.<\/p>\n<h2>Elenco completo e participa\u00e7\u00f5es especiais<\/h2>\n<p>Al\u00e9m de Gl\u00e1ucio Gomes e dos atores j\u00e1 mencionados, &#8220;Quem Ama Cuida&#8221; re\u00fane um elenco robusto e talentoso que promete entregar grandes performances. O cast inclui nomes como Tata Werneck, Agatha Moreira, Tony Ramos, Chay Suede, Jeniffer Nascimento, Isabela Garcia, Mariana Ximenes, Dan Stulbach, Fl\u00e1via Alessandra, Belize Pombal, Jos\u00e9 Loreto, Rainer Cadete, Mariana Sena e Tatiana Tiburcio.<\/p>\n<h2>Personagens secund\u00e1rios e desdobramentos narrativos<\/h2>\n<p>A novela tamb\u00e9m conta com <strong>participa\u00e7\u00f5es especiais que enriquecem a narrativa<\/strong>. Nathalia Dill viver\u00e1 uma mulher misteriosa que surge na vida de um personagem de Tony Ramos, trazendo reviravoltas \u00e0 trama. J\u00e1 Mariana Ximenes interpretar\u00e1 uma mulher casada que se apaixona por um homem mais jovem, adicionando camadas de complexidade aos relacionamentos retratados.<\/p>\n<p>Com um elenco de calibre internacional, uma premissa instigante e a qualidade de escrita reconhecida de seus autores, &#8220;Quem Ama Cuida&#8221; promete ser um sucesso televisivo, combinando drama, mist\u00e9rio e vingan\u00e7a em uma narrativa cativante que mant\u00e9m o p\u00fablico atento aos desdobramentos de cada epis\u00f3dio.<\/p>","protected":false},"excerpt":{"rendered":"<p>Gl\u00e1ucio Gomes participa de Quem Ama Cuida, pr\u00f3xima novela das 21h da Globo. Confira elenco e sinopse completa.<\/p>","protected":false},"author":4,"featured_media":25324,"comment_status":"open","ping_status":"open","sticky":false,"template":"","format":"standard","meta":{"_crdt_document":"","footnotes":""},"categories":[269],"tags":[],"class_list":["post-25328","post","type-post","status-publish","format-standard","has-post-thumbnail","hentry","category-noticias"],"brizy_media":[],"_links":{"self":[{"href":"https:\/\/jornalcorporativo.com.br\/en\/wp-json\/wp\/v2\/posts\/25328","targetHints":{"allow":["GET"]}}],"collection":[{"href":"https:\/\/jornalcorporativo.com.br\/en\/wp-json\/wp\/v2\/posts"}],"about":[{"href":"https:\/\/jornalcorporativo.com.br\/en\/wp-json\/wp\/v2\/types\/post"}],"author":[{"embeddable":true,"href":"https:\/\/jornalcorporativo.com.br\/en\/wp-json\/wp\/v2\/users\/4"}],"replies":[{"embeddable":true,"href":"https:\/\/jornalcorporativo.com.br\/en\/wp-json\/wp\/v2\/comments?post=25328"}],"version-history":[{"count":0,"href":"https:\/\/jornalcorporativo.com.br\/en\/wp-json\/wp\/v2\/posts\/25328\/revisions"}],"wp:featuredmedia":[{"embeddable":true,"href":"https:\/\/jornalcorporativo.com.br\/en\/wp-json\/wp\/v2\/media\/25324"}],"wp:attachment":[{"href":"https:\/\/jornalcorporativo.com.br\/en\/wp-json\/wp\/v2\/media?parent=25328"}],"wp:term":[{"taxonomy":"category","embeddable":true,"href":"https:\/\/jornalcorporativo.com.br\/en\/wp-json\/wp\/v2\/categories?post=25328"},{"taxonomy":"post_tag","embeddable":true,"href":"https:\/\/jornalcorporativo.com.br\/en\/wp-json\/wp\/v2\/tags?post=25328"}],"curies":[{"name":"wp","href":"https:\/\/api.w.org\/{rel}","templated":true}]}}