{"id":25334,"date":"2026-04-28T12:01:03","date_gmt":"2026-04-28T15:01:03","guid":{"rendered":"https:\/\/jornalcorporativo.com.br\/redacao\/idoso-dispara-em-escritorio-e-tribunal-atenas-grecia\/"},"modified":"2026-04-28T12:01:03","modified_gmt":"2026-04-28T15:01:03","slug":"idoso-dispara-em-escritorio-e-tribunal-atenas-grecia","status":"publish","type":"post","link":"https:\/\/jornalcorporativo.com.br\/en\/internacional\/idoso-dispara-em-escritorio-e-tribunal-atenas-grecia\/","title":{"rendered":"Idoso de 89 anos abre fogo em escrit\u00f3rio e tribunal em Atenas deixando feridos; pol\u00edcia busca suspeito"},"content":{"rendered":"<h2>Ataque armado em Atenas deixa v\u00edtimas em institui\u00e7\u00f5es p\u00fablicas<\/h2>\n<p>Um homem de 89 anos cometeu uma s\u00e9rie de disparos em dois locais distintos no centro de Atenas nesta ter\u00e7a-feira, ferindo v\u00e1rias pessoas e desencadeando uma opera\u00e7\u00e3o policial de grande escala na capital grega. Os ataques ocorreram primeiramente em um escrit\u00f3rio da seguridade social e, pouco depois, em um edif\u00edcio do poder judici\u00e1rio, numa sequ\u00eancia de eventos cujas motiva\u00e7\u00f5es ainda n\u00e3o foram claramente esclarecidas pelas autoridades locais.<\/p>\n<h2>Primeiro ataque no escrit\u00f3rio da seguridade social<\/h2>\n<p>O primeiro incidente ocorreu em um escrit\u00f3rio do Fundo Nacional de Seguridade Social (EFKA), localizado na regi\u00e3o de Kerameikos, \u00e1rea central de Atenas. O suspeito entrou no pr\u00e9dio portando uma espingarda escondida sob um sobretudo e dirigiu-se at\u00e9 o quarto andar, onde abriu fogo contra os funcion\u00e1rios presentes.<\/p>\n<p>Conforme relato de Alexandros Varveris, chefe do Fundo Nacional de Seguridade Social, o homem subiu at\u00e9 o andar alvo, levantou a arma e disparou contra os ocupantes do local. Um funcion\u00e1rio foi atingido na perna durante o ataque. Equipes de seguran\u00e7a aplicaram um torniquete imediatamente no local antes de transportar a v\u00edtima para atendimento hospitalar.<\/p>\n<h2>Segunda sequ\u00eancia de disparos no tribunal<\/h2>\n<p>Ap\u00f3s deixar o escrit\u00f3rio, o suspeito dirigiu-se para um tribunal localizado em outra \u00e1rea do centro de Atenas, onde voltou a disparar sua arma. De acordo com informa\u00e7\u00f5es da pol\u00edcia grega, os disparos ocorreram no t\u00e9rreo do edif\u00edcio judici\u00e1rio, ferindo m\u00faltiplas pessoas. Imagens captadas pela emissora estatal ERT mostram equipes de ambul\u00e2ncia removendo v\u00edtimas do pr\u00e9dio, com pelo menos tr\u00eas pessoas sendo transportadas para atendimento m\u00e9dico.<\/p>\n<h3>Evid\u00eancias deixadas no local do crime<\/h3>\n<p>Conforme informa\u00e7\u00f5es divulgadas pela emissora ERT, antes de fugir dos locais dos ataques, o atirador teria deixado envelopes contendo documentos espalhados pelo ch\u00e3o. Segundo relatos, o suspeito afirmou que esses pap\u00e9is explicariam as raz\u00f5es que motivaram suas a\u00e7\u00f5es violentas, embora as autoridades ainda n\u00e3o tenham divulgado publicamente o conte\u00fado desses documentos.<\/p>\n<h2>Situa\u00e7\u00e3o das buscas e arma localizada<\/h2>\n<p>A pol\u00edcia grega conseguiu localizar a espingarda utilizada nos ataques, por\u00e9m o paradeiro do suspeito permanecia desconhecido at\u00e9 a \u00faltima atualiza\u00e7\u00e3o. For\u00e7as de seguran\u00e7a mantinham opera\u00e7\u00f5es ativas para localizar e capturar o homem de 89 anos, que continua sendo procurado pelas autoridades.<\/p>\n<h3>Contexto de seguran\u00e7a na Gr\u00e9cia<\/h3>\n<p>Casos de <strong>viol\u00eancia armada s\u00e3o relativamente raros na Gr\u00e9cia<\/strong>, diferenciando este incidente do padr\u00e3o hist\u00f3rico do pa\u00eds. Embora a legisla\u00e7\u00e3o grega permita a posse de armas de fogo entre cidad\u00e3os, o pa\u00eds imp\u00f5e <strong>regras r\u00edgidas para registro e circula\u00e7\u00e3o de armamentos<\/strong>, estabelecendo controles estritos sobre quem pode portar e utilizar essas armas. Este ataque representa uma exce\u00e7\u00e3o significativa no contexto de seguran\u00e7a p\u00fablica grego, gerando preocupa\u00e7\u00f5es entre autoridades e popula\u00e7\u00e3o local.<\/p>","protected":false},"excerpt":{"rendered":"<p>Idoso de 89 anos abre fogo em Atenas, atingindo escrit\u00f3rio e tribunal. V\u00e1rios feridos e pol\u00edcia em busca do suspeito na Gr\u00e9cia.<\/p>","protected":false},"author":4,"featured_media":25332,"comment_status":"open","ping_status":"open","sticky":false,"template":"","format":"standard","meta":{"_crdt_document":"","footnotes":""},"categories":[2],"tags":[],"class_list":["post-25334","post","type-post","status-publish","format-standard","has-post-thumbnail","hentry","category-internacional"],"brizy_media":[],"_links":{"self":[{"href":"https:\/\/jornalcorporativo.com.br\/en\/wp-json\/wp\/v2\/posts\/25334","targetHints":{"allow":["GET"]}}],"collection":[{"href":"https:\/\/jornalcorporativo.com.br\/en\/wp-json\/wp\/v2\/posts"}],"about":[{"href":"https:\/\/jornalcorporativo.com.br\/en\/wp-json\/wp\/v2\/types\/post"}],"author":[{"embeddable":true,"href":"https:\/\/jornalcorporativo.com.br\/en\/wp-json\/wp\/v2\/users\/4"}],"replies":[{"embeddable":true,"href":"https:\/\/jornalcorporativo.com.br\/en\/wp-json\/wp\/v2\/comments?post=25334"}],"version-history":[{"count":0,"href":"https:\/\/jornalcorporativo.com.br\/en\/wp-json\/wp\/v2\/posts\/25334\/revisions"}],"wp:featuredmedia":[{"embeddable":true,"href":"https:\/\/jornalcorporativo.com.br\/en\/wp-json\/wp\/v2\/media\/25332"}],"wp:attachment":[{"href":"https:\/\/jornalcorporativo.com.br\/en\/wp-json\/wp\/v2\/media?parent=25334"}],"wp:term":[{"taxonomy":"category","embeddable":true,"href":"https:\/\/jornalcorporativo.com.br\/en\/wp-json\/wp\/v2\/categories?post=25334"},{"taxonomy":"post_tag","embeddable":true,"href":"https:\/\/jornalcorporativo.com.br\/en\/wp-json\/wp\/v2\/tags?post=25334"}],"curies":[{"name":"wp","href":"https:\/\/api.w.org\/{rel}","templated":true}]}}