{"id":25345,"date":"2026-04-28T16:00:58","date_gmt":"2026-04-28T19:00:58","guid":{"rendered":"https:\/\/jornalcorporativo.com.br\/redacao\/couto-oficializa-mudanca-corregedoria-pm-rio\/"},"modified":"2026-04-28T16:00:58","modified_gmt":"2026-04-28T19:00:58","slug":"couto-oficializa-mudanca-corregedoria-pm-rio","status":"publish","type":"post","link":"https:\/\/jornalcorporativo.com.br\/en\/brasil\/couto-oficializa-mudanca-corregedoria-pm-rio\/","title":{"rendered":"Couto oficializa mudan\u00e7a na Corregedoria da PM do Rio; coronel Marcelo Ramos assume comando"},"content":{"rendered":"<h2>Oficializa\u00e7\u00e3o da Mudan\u00e7a no Comando<\/h2>\n<p>O governador em exerc\u00edcio do Rio de Janeiro, Ricardo Couto, formalizou nesta ter\u00e7a-feira a troca no comando da Corregedoria da Pol\u00edcia Militar do estado. O <strong>coronel Marcelo Ramos do Carmo<\/strong> assume oficialmente o posto que era ocupado pelo coronel \u00c2ngelo da Costa Pereira. A medida foi publicada no Di\u00e1rio Oficial, gerando interesse p\u00fablico especialmente diante do contexto de investiga\u00e7\u00f5es internas em andamento na corpora\u00e7\u00e3o.<\/p>\n<p>Embora a publica\u00e7\u00e3o tenha ocorrido um dia ap\u00f3s a divulga\u00e7\u00e3o de imagens de c\u00e2meras corporais que contradizem relatos sobre a morte do empres\u00e1rio Daniel Patr\u00edcio Santos de Oliveira, de 29 anos, na Pavuna, na Zona Norte do Rio, a administra\u00e7\u00e3o estadual reafirma que a substitui\u00e7\u00e3o n\u00e3o foi motivada por este epis\u00f3dio espec\u00edfico.<\/p>\n<h2>Decis\u00e3o Anterior \u00e0 Crise<\/h2>\n<p>De acordo com informa\u00e7\u00f5es oficiais, a mudan\u00e7a j\u00e1 havia sido definida semanas antes, inserida no contexto de reestrutura\u00e7\u00e3o promovida ap\u00f3s a posse do novo secret\u00e1rio de Estado de Pol\u00edcia Militar, coronel <strong>Sylvio Ricardo Ciuffo Guerra<\/strong>, em mar\u00e7o. Marcelo Ramos do Carmo vinha exercendo as fun\u00e7\u00f5es de corregedor desde o fim de mar\u00e7o, assumindo na pr\u00e1tica o comando do setor no dia 31, ap\u00f3s ser escolhido pelo novo secret\u00e1rio. A formaliza\u00e7\u00e3o atrav\u00e9s de publica\u00e7\u00e3o oficial ocorreu apenas agora.<\/p>\n<p>Conforme comunicado pela Pol\u00edcia Militar, o caso do empres\u00e1rio j\u00e1 est\u00e1 sendo conduzido pelo novo corregedor, que possui responsabilidade sobre as investiga\u00e7\u00f5es internas relacionadas ao incidente.<\/p>\n<h2>Perfil do Novo Corregedor<\/h2>\n<p>O coronel Marcelo Ramos do Carmo apresenta trajet\u00f3ria extensa e diversificada na corpora\u00e7\u00e3o. Entre seus principais cargos, est\u00e3o o <strong>comando do Batalh\u00e3o de Pol\u00edcia Rodovi\u00e1ria, do 12\u00ba BPM e do 35\u00ba BPM<\/strong>, al\u00e9m da chefia do Estado-Maior Geral da PM. Tamb\u00e9m atuou como subcomandante de unidades operacionais, incluindo o 3\u00ba e 30\u00ba BPM, e da unidade prisional da corpora\u00e7\u00e3o.<\/p>\n<p>Na \u00e1rea administrativa, acumulou experi\u00eancias como diretor-geral de Tecnologia da Informa\u00e7\u00e3o e Comunica\u00e7\u00e3o, chefe da Diretoria de Licita\u00e7\u00f5es e Contratos e da Se\u00e7\u00e3o de Movimenta\u00e7\u00e3o da Diretoria Geral de Pessoal. Teve passagem anterior pela pr\u00f3pria Corregedoria, onde chefiou a \u00e1rea de apoio administrativo-financeiro. O oficial tamb\u00e9m atuou em frentes operacionais e estrat\u00e9gicas, como coordenador do Grupamento Especial T\u00e1tico M\u00f3vel (Getam) e na Coordenadoria do Programa Estadual de Integra\u00e7\u00e3o na Seguran\u00e7a.<\/p>\n<h2>Antecessor e Seu Legado<\/h2>\n<p>O coronel \u00c2ngelo da Costa Pereira, conhecido como Coronel Pereira, ocupava o cargo desde 2025, ap\u00f3s indica\u00e7\u00e3o do ex-secret\u00e1rio da PM, coronel Marcelo de Menezes Nogueira. \u00c0 frente da Corregedoria, participou de agendas institucionais da corpora\u00e7\u00e3o, incluindo a inaugura\u00e7\u00e3o de estruturas administrativas, como a 3\u00aa Delegacia de Julgamento da PM em Belford Roxo.<\/p>\n<h2>Import\u00e2ncia da Corregedoria<\/h2>\n<p>A Corregedoria constitui uma das \u00e1reas mais sens\u00edveis da estrutura da Pol\u00edcia Militar, respons\u00e1vel por conduzir investiga\u00e7\u00f5es internas, apurar irregularidades e aplicar san\u00e7\u00f5es disciplinares a agentes da corpora\u00e7\u00e3o. Sua atua\u00e7\u00e3o \u00e9 fundamental para manter a integridade institucional e garantir a presta\u00e7\u00e3o de contas ao p\u00fablico.<\/p>\n<h2>Contexto Mais Amplo de Reformas<\/h2>\n<p>A mudan\u00e7a no setor integra um movimento mais amplo iniciado em mar\u00e7o, quando o coronel Sylvio Ricardo Ciuffo Guerra assumiu a Secretaria de Estado de Pol\u00edcia Militar, substituindo o coronel Marcelo de Menezes Nogueira, que deixou o cargo para disputar elei\u00e7\u00f5es. Desde ent\u00e3o, o novo comando vem promovendo ajustes em \u00e1reas consideradas estrat\u00e9gicas da corpora\u00e7\u00e3o, buscando modernizar e aprimorar os procedimentos internos.<\/p>","protected":false},"excerpt":{"rendered":"<p>Coronel Marcelo Ramos do Carmo assume oficialmente a Corregedoria da PM do Rio, em mudan\u00e7a definida antes do caso da Pavuna.<\/p>","protected":false},"author":4,"featured_media":25339,"comment_status":"open","ping_status":"open","sticky":false,"template":"","format":"standard","meta":{"_crdt_document":"","footnotes":""},"categories":[36],"tags":[],"class_list":["post-25345","post","type-post","status-publish","format-standard","has-post-thumbnail","hentry","category-brasil"],"brizy_media":[],"_links":{"self":[{"href":"https:\/\/jornalcorporativo.com.br\/en\/wp-json\/wp\/v2\/posts\/25345","targetHints":{"allow":["GET"]}}],"collection":[{"href":"https:\/\/jornalcorporativo.com.br\/en\/wp-json\/wp\/v2\/posts"}],"about":[{"href":"https:\/\/jornalcorporativo.com.br\/en\/wp-json\/wp\/v2\/types\/post"}],"author":[{"embeddable":true,"href":"https:\/\/jornalcorporativo.com.br\/en\/wp-json\/wp\/v2\/users\/4"}],"replies":[{"embeddable":true,"href":"https:\/\/jornalcorporativo.com.br\/en\/wp-json\/wp\/v2\/comments?post=25345"}],"version-history":[{"count":0,"href":"https:\/\/jornalcorporativo.com.br\/en\/wp-json\/wp\/v2\/posts\/25345\/revisions"}],"wp:featuredmedia":[{"embeddable":true,"href":"https:\/\/jornalcorporativo.com.br\/en\/wp-json\/wp\/v2\/media\/25339"}],"wp:attachment":[{"href":"https:\/\/jornalcorporativo.com.br\/en\/wp-json\/wp\/v2\/media?parent=25345"}],"wp:term":[{"taxonomy":"category","embeddable":true,"href":"https:\/\/jornalcorporativo.com.br\/en\/wp-json\/wp\/v2\/categories?post=25345"},{"taxonomy":"post_tag","embeddable":true,"href":"https:\/\/jornalcorporativo.com.br\/en\/wp-json\/wp\/v2\/tags?post=25345"}],"curies":[{"name":"wp","href":"https:\/\/api.w.org\/{rel}","templated":true}]}}