{"id":25360,"date":"2026-04-29T00:01:27","date_gmt":"2026-04-29T03:01:27","guid":{"rendered":"https:\/\/jornalcorporativo.com.br\/redacao\/copa-do-mundo-2026-cartao-vermelho-tapar-boca\/"},"modified":"2026-04-29T00:01:27","modified_gmt":"2026-04-29T03:01:27","slug":"copa-do-mundo-2026-cartao-vermelho-tapar-boca","status":"publish","type":"post","link":"https:\/\/jornalcorporativo.com.br\/en\/esportes\/copa-do-mundo-2026-cartao-vermelho-tapar-boca\/","title":{"rendered":"Copa do Mundo 2026: Fifa implementa cart\u00e3o vermelho para jogadores que tamparem a boca em discuss\u00f5es"},"content":{"rendered":"<h2>Nova regra da Fifa para a Copa do Mundo 2026<\/h2>\n<p>A Copa do Mundo de 2026, que ser\u00e1 disputada nos Estados Unidos, M\u00e9xico e Canad\u00e1, marcar\u00e1 um novo cap\u00edtulo na hist\u00f3ria do futebol com a implementa\u00e7\u00e3o de regras disciplinares mais rigorosas. De acordo com informa\u00e7\u00f5es divulgadas pelo jornal The Times, da Inglaterra, a Fifa estabelecer\u00e1 uma medida in\u00e9dita: \u00e1rbitros apresentar\u00e3o cart\u00f5es vermelhos diretos para jogadores que cobrirem a boca durante discuss\u00f5es com advers\u00e1rios em partidas do Mundial.<\/p>\n<h2>O epis\u00f3dio que motivou a mudan\u00e7a<\/h2>\n<p>A decis\u00e3o da entidade m\u00e1xima do futebol foi motivada por um incidente pol\u00eamico envolvendo dois atletas de destaque internacional. Em fevereiro, durante uma partida pela Liga dos Campe\u00f5es, o atacante brasileiro <strong>Vinicius Junior<\/strong>, do Real Madrid, e o argentino <strong>Gianluca Prestianni<\/strong>, do Benfica, protagonizaram um confronto que gerou pol\u00eamica. O jogador portugu\u00eas foi acusado de ter ofendido o rival com termos discriminat\u00f3rios ap\u00f3s o gol marcado pelo brasileiro na partida disputada em Lisboa. O epis\u00f3dio evidenciou a necessidade de maior controle comportamental dentro das quatro linhas.<\/p>\n<h2>Outras infra\u00e7\u00f5es que resultar\u00e3o em expuls\u00e3o<\/h2>\n<p>Al\u00e9m da medida relacionada ao tampar da boca, a Fifa tamb\u00e9m implementar\u00e1 puni\u00e7\u00e3o severa para outro tipo de conduta. Jogadores que deixarem o campo em protesto contra a decis\u00e3o do \u00e1rbitro receber\u00e3o <strong>cart\u00e3o vermelho direto<\/strong>. Esta regra foi inspirada em um precedente recente: a sele\u00e7\u00e3o de Senegal abandonou o campo durante a final da Copa Africana de Na\u00e7\u00f5es, gerando um incidente que a entidade deseja evitar no futuro.<\/p>\n<h2>Cronograma de implementa\u00e7\u00e3o das mudan\u00e7as<\/h2>\n<p>As altera\u00e7\u00f5es nas regras foram anunciadas oficialmente pelo presidente da Fifa, <strong>Gianni Infantino<\/strong>, durante o congresso da entidade m\u00e1xima do futebol mundial realizado em Vancouver. Estas novas disposi\u00e7\u00f5es entrar\u00e3o em vigor exclusivamente na Copa do Mundo 2026 e n\u00e3o ser\u00e3o aplicadas em outras competi\u00e7\u00f5es por enquanto, visto que necessitariam de aprova\u00e7\u00e3o da International Football Association Board (IFAB), \u00f3rg\u00e3o respons\u00e1vel pela gest\u00e3o das regras do futebol.<\/p>\n<h2>Outras inova\u00e7\u00f5es aprovadas pela IFAB<\/h2>\n<p>Paralelamente, a IFAB j\u00e1 havia anunciado mudan\u00e7as significativas que ser\u00e3o implementadas a partir da Copa do Mundo. O <strong>VAR ter\u00e1 seu uso ampliado<\/strong>, podendo ser acionado em situa\u00e7\u00f5es envolvendo escanteios e na marca\u00e7\u00e3o do segundo cart\u00e3o amarelo para um atleta, ampliando seu escopo para situa\u00e7\u00f5es que anteriormente n\u00e3o eram revistas.<\/p>\n<p>Para combater o antijogo e acelerar o ritmo das partidas, os \u00e1rbitros passar\u00e3o a realizar uma <strong>contagem regressiva em laterais, tiros de meta e substitui\u00e7\u00f5es<\/strong>. Essas modifica\u00e7\u00f5es entrar\u00e3o em vigor para os clubes a partir de 1\u00ba de junho e ser\u00e3o v\u00e1lidas durante a pr\u00f3xima temporada europeia.<\/p>\n<p>Essas transforma\u00e7\u00f5es refletem o compromisso da Fifa em modernizar o futebol, promover respeito e fair play, al\u00e9m de garantir que competi\u00e7\u00f5es de alto n\u00edvel mantenham padr\u00f5es disciplinares consistentes e co\u00edbam comportamentos indesej\u00e1veis nas competi\u00e7\u00f5es futuras.<\/p>","protected":false},"excerpt":{"rendered":"<p>Copa do Mundo 2026: Fifa implementa cart\u00e3o vermelho para jogadores que tamparem boca em discuss\u00f5es. Conhe\u00e7a as novas regras.<\/p>","protected":false},"author":4,"featured_media":25359,"comment_status":"open","ping_status":"open","sticky":false,"template":"","format":"standard","meta":{"_crdt_document":"","footnotes":""},"categories":[6],"tags":[],"class_list":["post-25360","post","type-post","status-publish","format-standard","has-post-thumbnail","hentry","category-esportes"],"brizy_media":[],"_links":{"self":[{"href":"https:\/\/jornalcorporativo.com.br\/en\/wp-json\/wp\/v2\/posts\/25360","targetHints":{"allow":["GET"]}}],"collection":[{"href":"https:\/\/jornalcorporativo.com.br\/en\/wp-json\/wp\/v2\/posts"}],"about":[{"href":"https:\/\/jornalcorporativo.com.br\/en\/wp-json\/wp\/v2\/types\/post"}],"author":[{"embeddable":true,"href":"https:\/\/jornalcorporativo.com.br\/en\/wp-json\/wp\/v2\/users\/4"}],"replies":[{"embeddable":true,"href":"https:\/\/jornalcorporativo.com.br\/en\/wp-json\/wp\/v2\/comments?post=25360"}],"version-history":[{"count":0,"href":"https:\/\/jornalcorporativo.com.br\/en\/wp-json\/wp\/v2\/posts\/25360\/revisions"}],"wp:featuredmedia":[{"embeddable":true,"href":"https:\/\/jornalcorporativo.com.br\/en\/wp-json\/wp\/v2\/media\/25359"}],"wp:attachment":[{"href":"https:\/\/jornalcorporativo.com.br\/en\/wp-json\/wp\/v2\/media?parent=25360"}],"wp:term":[{"taxonomy":"category","embeddable":true,"href":"https:\/\/jornalcorporativo.com.br\/en\/wp-json\/wp\/v2\/categories?post=25360"},{"taxonomy":"post_tag","embeddable":true,"href":"https:\/\/jornalcorporativo.com.br\/en\/wp-json\/wp\/v2\/tags?post=25360"}],"curies":[{"name":"wp","href":"https:\/\/api.w.org\/{rel}","templated":true}]}}