{"id":25369,"date":"2026-04-29T04:01:00","date_gmt":"2026-04-29T07:01:00","guid":{"rendered":"https:\/\/jornalcorporativo.com.br\/redacao\/senador-suspender-check-in-digital-hoteis-privacidade\/"},"modified":"2026-04-29T04:01:00","modified_gmt":"2026-04-29T07:01:00","slug":"senador-suspender-check-in-digital-hoteis-privacidade","status":"publish","type":"post","link":"https:\/\/jornalcorporativo.com.br\/en\/politica\/senador-suspender-check-in-digital-hoteis-privacidade\/","title":{"rendered":"Senador Bolsonarista Prop\u00f5e Suspens\u00e3o de Check-in Digital em Hot\u00e9is: Debate sobre Privacidade e Dados"},"content":{"rendered":"<h2>Proposta de Suspens\u00e3o de Regras Digitais em Hospedagens<\/h2>\n<p>O senador Magno Malta, membro da bancada bolsonarista pelo estado do Esp\u00edrito Santo, apresentou uma iniciativa legislativa com o objetivo de suspender parcialmente as normas que regulamentam o check-in digital em hot\u00e9is e pousadas em todo o territ\u00f3rio brasileiro. Esta proposta surge em meio a um debate crescente sobre seguran\u00e7a de dados pessoais e direitos dos consumidores no setor hoteleiro.<\/p>\n<h2>Contexto da Medida Governamental<\/h2>\n<p>A implementa\u00e7\u00e3o do check-in digital representou uma moderniza\u00e7\u00e3o dos procedimentos operacionais nas hospedagens, buscando agilizar o processo de registro de h\u00f3spedes e melhorar a efici\u00eancia administrativa. No entanto, esta medida tornou-se alvo de cr\u00edticas intensas da bancada de oposi\u00e7\u00e3o no Congresso Nacional, que questiona os impactos na privacidade dos cidad\u00e3os.<\/p>\n<h2>Preocupa\u00e7\u00f5es com Privacidade e Prote\u00e7\u00e3o de Dados<\/h2>\n<p>Os cr\u00edticos da atual regula\u00e7\u00e3o argumentam que o sistema digital de check-in pode expor informa\u00e7\u00f5es sens\u00edveis dos h\u00f3spedes a riscos potenciais de vazamento ou utiliza\u00e7\u00e3o inadequada. A discuss\u00e3o envolve quest\u00f5es fundamentais sobre como os dados pessoais s\u00e3o coletados, armazenados e utilizados pelas empresas do setor hoteleiro.<\/p>\n<p><strong>A prote\u00e7\u00e3o de dados pessoais<\/strong> tornou-se um tema central no debate p\u00fablico brasileiro, especialmente ap\u00f3s a implementa\u00e7\u00e3o da Lei Geral de Prote\u00e7\u00e3o de Dados Pessoais (LGPD). Muitos legisladores argumentam que as regras atuais de check-in digital podem n\u00e3o estar totalmente alinhadas com as garantias de seguran\u00e7a exigidas pela lei.<\/p>\n<h2>Divis\u00e3o de Posicionamentos Pol\u00edticos<\/h2>\n<p>A proposta do senador Magno Malta reflete uma divis\u00e3o clara entre diferentes setores pol\u00edticos quanto ao n\u00edvel de digitaliza\u00e7\u00e3o e centraliza\u00e7\u00e3o de dados que deve ser permitido no Brasil. Enquanto o governo federal defende a moderniza\u00e7\u00e3o digital como ferramenta de transpar\u00eancia e efici\u00eancia administrativa, a oposi\u00e7\u00e3o levanta bandeiras sobre o direito \u00e0 privacidade e prote\u00e7\u00e3o informacional.<\/p>\n<p><strong>O debate transcende quest\u00f5es t\u00e9cnicas<\/strong> e envolve concep\u00e7\u00f5es distintas sobre o papel do Estado na coleta e gerenciamento de informa\u00e7\u00f5es sobre seus cidad\u00e3os. Para os cr\u00edticos, h\u00e1 riscos potenciais de vigil\u00e2ncia em massa e controle excessivo, enquanto defensores argumentam que a digitaliza\u00e7\u00e3o traz benef\u00edcios concretos para a seguran\u00e7a p\u00fablica e a administra\u00e7\u00e3o governamental.<\/p>\n<h2>Impacto no Setor Hoteleiro<\/h2>\n<p>A poss\u00edvel suspens\u00e3o das regras de check-in digital tamb\u00e9m teria implica\u00e7\u00f5es pr\u00e1ticas significativas para a ind\u00fastria de hospedagem brasileira. Hot\u00e9is e pousadas teriam que readaptar seus processos operacionais, potencialmente retornando a m\u00e9todos tradicionais de registro ou implementando sistemas h\u00edbridos.<\/p>\n<p>Esta discuss\u00e3o parlamentar representa um momento importante para avaliar o equil\u00edbrio entre inova\u00e7\u00e3o tecnol\u00f3gica e prote\u00e7\u00e3o de direitos fundamentais dos cidad\u00e3os brasileiros.<\/p>","protected":false},"excerpt":{"rendered":"<p>Senador bolsonarista prop\u00f5e suspens\u00e3o de check-in digital em hot\u00e9is. Debate sobre privacidade, prote\u00e7\u00e3o de dados e seguran\u00e7a de informa\u00e7\u00f5es pessoais.<\/p>","protected":false},"author":4,"featured_media":25364,"comment_status":"open","ping_status":"open","sticky":false,"template":"","format":"standard","meta":{"_crdt_document":"","footnotes":""},"categories":[7],"tags":[],"class_list":["post-25369","post","type-post","status-publish","format-standard","has-post-thumbnail","hentry","category-politica"],"brizy_media":[],"_links":{"self":[{"href":"https:\/\/jornalcorporativo.com.br\/en\/wp-json\/wp\/v2\/posts\/25369","targetHints":{"allow":["GET"]}}],"collection":[{"href":"https:\/\/jornalcorporativo.com.br\/en\/wp-json\/wp\/v2\/posts"}],"about":[{"href":"https:\/\/jornalcorporativo.com.br\/en\/wp-json\/wp\/v2\/types\/post"}],"author":[{"embeddable":true,"href":"https:\/\/jornalcorporativo.com.br\/en\/wp-json\/wp\/v2\/users\/4"}],"replies":[{"embeddable":true,"href":"https:\/\/jornalcorporativo.com.br\/en\/wp-json\/wp\/v2\/comments?post=25369"}],"version-history":[{"count":0,"href":"https:\/\/jornalcorporativo.com.br\/en\/wp-json\/wp\/v2\/posts\/25369\/revisions"}],"wp:featuredmedia":[{"embeddable":true,"href":"https:\/\/jornalcorporativo.com.br\/en\/wp-json\/wp\/v2\/media\/25364"}],"wp:attachment":[{"href":"https:\/\/jornalcorporativo.com.br\/en\/wp-json\/wp\/v2\/media?parent=25369"}],"wp:term":[{"taxonomy":"category","embeddable":true,"href":"https:\/\/jornalcorporativo.com.br\/en\/wp-json\/wp\/v2\/categories?post=25369"},{"taxonomy":"post_tag","embeddable":true,"href":"https:\/\/jornalcorporativo.com.br\/en\/wp-json\/wp\/v2\/tags?post=25369"}],"curies":[{"name":"wp","href":"https:\/\/api.w.org\/{rel}","templated":true}]}}