{"id":25370,"date":"2026-04-29T04:01:00","date_gmt":"2026-04-29T07:01:00","guid":{"rendered":"https:\/\/jornalcorporativo.com.br\/redacao\/psg-5-4-bayern-semifinal-champions-league-9-gols\/"},"modified":"2026-04-29T04:01:00","modified_gmt":"2026-04-29T07:01:00","slug":"psg-5-4-bayern-semifinal-champions-league-9-gols","status":"publish","type":"post","link":"https:\/\/jornalcorporativo.com.br\/en\/esportes\/psg-5-4-bayern-semifinal-champions-league-9-gols\/","title":{"rendered":"PSG 5 x 4 Bayern: Espet\u00e1culo de 9 gols na semifinal da Champions com craques rumo \u00e0 Copa"},"content":{"rendered":"<h2>Um duelo \u00e9pico pela semifinal da Champions League<\/h2>\n<p>A semifinal da Champions League proporcionou um espet\u00e1culo memor\u00e1vel nesta ter\u00e7a-feira, com o PSG derrotando o Bayern de Munique por 5 a 4 em uma partida repleta de emo\u00e7\u00e3o, qualidade t\u00e9cnica e gols. O confronto entre duas pot\u00eancias europeias confirmou todas as expectativas de um grande duelo, entrela\u00e7ando estrat\u00e9gias audaciosas, jogadas brilhantes e um ritmo fren\u00e9tico que manteve torcedores e espectadores \u00e0 beira do assento do in\u00edcio ao fim.<\/p>\n<h2>Os marcadores da noite: craques garantidos na Copa<\/h2>\n<p>O elenco de artilheiros da partida impressiona pela quantidade de nomes confirmados nas listas finais para a pr\u00f3xima Copa do Mundo. Pelo PSG, Kvaratskhelia marcou duas vezes, Jo\u00e3o Neves e Ousmane Demb\u00e9l\u00e9 (duas vezes) completaram a conta. Pelo lado b\u00e1varo, Harry Kane, Olise, Upamecano e Luis D\u00edaz deixaram suas marcas no placar. A \u00fanica exce\u00e7\u00e3o entre os goleadores foi o georgiano Kvaratskhelia, mas todos os demais s\u00e3o nomes praticamente certos nas convoca\u00e7\u00f5es finais para o torneio mundial.<\/p>\n<h2>Um come\u00e7o respeitoso que logo explodia<\/h2>\n<p>O jogo come\u00e7ou com certa tens\u00e3o, refletindo o respeito m\u00fatuo entre as equipes. Ambas as defesas estavam ligadas e os primeiros minutos mostraram cautela na finaliza\u00e7\u00e3o. Por\u00e9m, essa cautela durou pouco. O ingl\u00eas Harry Kane abriu o placar j\u00e1 aos 17 minutos, convertendo um p\u00eanalti com precis\u00e3o, sinalizando que seria uma noite de muita movimenta\u00e7\u00e3o e oportunidades criadas.<\/p>\n<h2>O contraataque e a resposta imediata do PSG<\/h2>\n<p>Ap\u00f3s a abertura do placar, os goleiros perderam a paz. O Bayern, encorajado pela vantagem, elevou sua press\u00e3o e adiantou a marca\u00e7\u00e3o, mas sofria constantemente com contra-ataques r\u00e1pidos dos franceses. Kvaratskhelia entrou em cena com sua jogada caracter\u00edstica: dribla pela esquerda, penetra para o meio e finaliza com um chute de precis\u00e3o no canto de Neuer. O empate chegou e o jogo ganhou novos contornos.<\/p>\n<h2>O brilho de Demb\u00e9l\u00e9 e a rea\u00e7\u00e3o alem\u00e3<\/h2>\n<p>Ousmane Demb\u00e9l\u00e9, eleito Bola de Ouro 2025, estrelava a noite para os franceses. Embora tenha perdido uma grande chance cara a cara com o goleiro, o craque se redimiu fornecendo uma assist\u00eancia magistral para Jo\u00e3o Neves marcar de cabe\u00e7a e virar o jogo. N\u00e3o ficaria nisso: Demb\u00e9l\u00e9 marcaria mais duas vezes naquela noite de grande atua\u00e7\u00e3o.<\/p>\n<p>O Bayern n\u00e3o desistia. Olise, o ponta que vinha desarticulando qualquer marca\u00e7\u00e3o em seu caminho, surpreendeu a defesa ao costurar os defensores e disparar um chute forte e preciso que resultou em um verdadeiro gola\u00e7o. A igualdade estava restabelecida, mas novamente o PSG responderia com autoridade.<\/p>\n<h2>O segundo tempo avassalador<\/h2>\n<p>Na volta do intervalo, o PSG voltou com disposi\u00e7\u00e3o avassaladora. Ap\u00f3s a assist\u00eancia do argelino Hakimi, Kvaratskhelia ampliou a vantagem. Pouco depois, a dupla francesa Dou\u00e9 e Demb\u00e9l\u00e9 construiu mais um gol com precis\u00e3o e frieza de execu\u00e7\u00e3o, colocando o time franc\u00eas em posi\u00e7\u00e3o confort\u00e1vel no placar.<\/p>\n<p>O Bayern ainda conseguiria buscar um desconto com Upamecano, que cabeceou ap\u00f3s um cruzamento na \u00e1rea, e Luis D\u00edaz marcaria nos minutos finais, deixando esperan\u00e7a viva para o jogo de volta na Alemanha. Apesar da derrota, os alem\u00e3es saem com a possibilidade real de reverter a situa\u00e7\u00e3o.<\/p>\n<h2>Perspectivas para o jogo de volta<\/h2>\n<p>O PSG leva uma vantagem importante para o confronto de volta, que acontecer\u00e1 na Alemanha. Enquanto isso, Atl\u00e9tico de Madrid e Arsenal duelam no outro lado da chave, tamb\u00e9m pela semifinal, em confronto igualmente importante que determina os finalistas da principal competi\u00e7\u00e3o europeia de clubes.<\/p>","protected":false},"excerpt":{"rendered":"<p>PSG vence Bayern 5 a 4 em jogo de 9 gols na semifinal da Champions. Demb\u00e9l\u00e9, Kvaratskhelia e craques brilham em cl\u00e1ssico eletrizante.<\/p>","protected":false},"author":4,"featured_media":25367,"comment_status":"open","ping_status":"open","sticky":false,"template":"","format":"standard","meta":{"_crdt_document":"","footnotes":""},"categories":[6],"tags":[],"class_list":["post-25370","post","type-post","status-publish","format-standard","has-post-thumbnail","hentry","category-esportes"],"brizy_media":[],"_links":{"self":[{"href":"https:\/\/jornalcorporativo.com.br\/en\/wp-json\/wp\/v2\/posts\/25370","targetHints":{"allow":["GET"]}}],"collection":[{"href":"https:\/\/jornalcorporativo.com.br\/en\/wp-json\/wp\/v2\/posts"}],"about":[{"href":"https:\/\/jornalcorporativo.com.br\/en\/wp-json\/wp\/v2\/types\/post"}],"author":[{"embeddable":true,"href":"https:\/\/jornalcorporativo.com.br\/en\/wp-json\/wp\/v2\/users\/4"}],"replies":[{"embeddable":true,"href":"https:\/\/jornalcorporativo.com.br\/en\/wp-json\/wp\/v2\/comments?post=25370"}],"version-history":[{"count":0,"href":"https:\/\/jornalcorporativo.com.br\/en\/wp-json\/wp\/v2\/posts\/25370\/revisions"}],"wp:featuredmedia":[{"embeddable":true,"href":"https:\/\/jornalcorporativo.com.br\/en\/wp-json\/wp\/v2\/media\/25367"}],"wp:attachment":[{"href":"https:\/\/jornalcorporativo.com.br\/en\/wp-json\/wp\/v2\/media?parent=25370"}],"wp:term":[{"taxonomy":"category","embeddable":true,"href":"https:\/\/jornalcorporativo.com.br\/en\/wp-json\/wp\/v2\/categories?post=25370"},{"taxonomy":"post_tag","embeddable":true,"href":"https:\/\/jornalcorporativo.com.br\/en\/wp-json\/wp\/v2\/tags?post=25370"}],"curies":[{"name":"wp","href":"https:\/\/api.w.org\/{rel}","templated":true}]}}