{"id":25372,"date":"2026-04-29T04:01:00","date_gmt":"2026-04-29T07:01:00","guid":{"rendered":"https:\/\/jornalcorporativo.com.br\/redacao\/tecnico-pode-responder-homicidio-culposo-morte-serralheiro-palco-shakira\/"},"modified":"2026-04-29T04:01:00","modified_gmt":"2026-04-29T07:01:00","slug":"tecnico-pode-responder-homicidio-culposo-morte-serralheiro-palco-shakira","status":"publish","type":"post","link":"https:\/\/jornalcorporativo.com.br\/en\/justica-em-foco\/tecnico-pode-responder-homicidio-culposo-morte-serralheiro-palco-shakira\/","title":{"rendered":"T\u00e9cnico pode responder por homic\u00eddio culposo ap\u00f3s morte de serralheiro em montagem de palco de Shakira"},"content":{"rendered":"<h2>Investiga\u00e7\u00e3o apura responsabilidade em morte durante prepara\u00e7\u00e3o de show<\/h2>\n<p>O t\u00e9cnico respons\u00e1vel pelo painel de controle do elevador onde o serralheiro Gabriel de Jesus Firmino, de 28 anos, ficou imprensado e morreu durante a montagem do palco do show de Shakira poder\u00e1 ser indiciado por homic\u00eddio culposo. Segundo o delegado \u00c2ngelo Lages, titular da 12\u00aa DP (Copacabana), existem evid\u00eancias de que o profissional acionou o equipamento mesmo sabendo que havia um trabalhador no interior do elevador, violando normas b\u00e1sicas de seguran\u00e7a ocupacional.<\/p>\n<h2>Viola\u00e7\u00e3o de Normas de Seguran\u00e7a do Trabalho<\/h2>\n<p>O delegado enfatizou que as normas de seguran\u00e7a de trabalho pro\u00edbem expressamente o funcionamento de elevadores com pessoas em seu interior. <strong>O t\u00e9cnico tinha conhecimento da presen\u00e7a de Gabriel no local, mas acionou o equipamento mesmo assim<\/strong>, segundo as investiga\u00e7\u00f5es preliminares. O profissional alegou que Gabriel teria dado a ordem para apertar o bot\u00e3o de subir, mas essa justificativa n\u00e3o invalida a responsabilidade do operador em manter os protocolos de seguran\u00e7a.<\/p>\n<h3>Falhas estruturais identificadas<\/h3>\n<p>As investiga\u00e7\u00f5es tamb\u00e9m revelaram <strong>defici\u00eancias significativas na estrutura de seguran\u00e7a do canteiro de obras<\/strong>. O elevador n\u00e3o contava com bot\u00e3o de p\u00e2nico, item essencial em equipamentos desse tipo para situa\u00e7\u00f5es de emerg\u00eancia. Al\u00e9m disso, a pol\u00edcia apura quantos t\u00e9cnicos de seguran\u00e7a do trabalho estavam presentes no local durante o incidente.<\/p>\n<p>De acordo com o delegado, a comunica\u00e7\u00e3o inadequada entre operador e serralheiro contribuiu para o acidente. Gabriel realizava a soldagem do \u00faltimo elevador enquanto se comunicava com o t\u00e9cnico respons\u00e1vel pela opera\u00e7\u00e3o do equipamento, que estava posicionado a <strong>aproximadamente 25 metros de dist\u00e2ncia<\/strong>. Essa dist\u00e2ncia consider\u00e1vel prejudicou a fiscaliza\u00e7\u00e3o adequada das opera\u00e7\u00f5es.<\/p>\n<h2>Problemas Adicionais na Contrata\u00e7\u00e3o<\/h2>\n<p>A empresa do serralheiro, MG Coutinho Servi\u00e7os Cenogr\u00e1ficos, n\u00e3o possu\u00eda registro no Conselho Regional de Engenharia e Agronomia (Crea-RJ), conforme apontado pelo delegado. <strong>Essa irregularidade agrava significativamente a situa\u00e7\u00e3o legal<\/strong>, pois indica falta de conformidade regulat\u00f3ria desde o processo de contrata\u00e7\u00e3o. O delegado ressaltou que esses problemas se acumulam, transformando um caso de neglig\u00eancia em m\u00faltiplas viola\u00e7\u00f5es de normas trabalhistas e de seguran\u00e7a.<\/p>\n<h3>Falha na supervis\u00e3o de seguran\u00e7a<\/h3>\n<p>Se havia t\u00e9cnico de seguran\u00e7a do trabalho no local, esse profissional n\u00e3o deveria permitir comunica\u00e7\u00e3o entre operador e serralheiro a uma dist\u00e2ncia t\u00e3o grande, nem autorizar o funcionamento do elevador com pessoas em seu interior. Essa supervis\u00e3o inadequada \u00e9 considerada parte importante das responsabilidades que levaram ao acidente fatal.<\/p>\n<h2>Impacto na Fam\u00edlia da V\u00edtima<\/h2>\n<p>Gabriel deixa vi\u00fava, de 26 anos, e dois filhos pequenos. O serralheiro trabalhava h\u00e1 mais de tr\u00eas anos na empresa contratada para a instala\u00e7\u00e3o dos elevadores que fariam parte da estrutura do evento. <strong>Sua morte deixa uma fam\u00edlia sem seu principal provedor<\/strong>, al\u00e9m de levantarar quest\u00f5es sobre responsabilidade corporativa e cumprimento de normas de seguran\u00e7a.<\/p>\n<h2>Andamento da Investiga\u00e7\u00e3o<\/h2>\n<p>As investiga\u00e7\u00f5es seguem para esclarecer completamente as circunst\u00e2ncias do acidente fatal. O t\u00e9cnico estava programado para prestar depoimento na ter\u00e7a-feira, mas passou mal e n\u00e3o compareceu \u00e0 delegacia at\u00e9 o final da tarde. A pol\u00edcia continua coletando evid\u00eancias para determinar todas as responsabilidades envolvidas no caso, que pode resultar em indiciamento por homic\u00eddio culposo e poss\u00edveis a\u00e7\u00f5es civis contra as empresas envolvidas na montagem do palco.<\/p>","protected":false},"excerpt":{"rendered":"<p>T\u00e9cnico pode responder por homic\u00eddio culposo ap\u00f3s morte de serralheiro em montagem de palco de Shakira no Rio de Janeiro<\/p>","protected":false},"author":4,"featured_media":25368,"comment_status":"open","ping_status":"open","sticky":false,"template":"","format":"standard","meta":{"_crdt_document":"","footnotes":""},"categories":[39],"tags":[],"class_list":["post-25372","post","type-post","status-publish","format-standard","has-post-thumbnail","hentry","category-justica-em-foco"],"brizy_media":[],"_links":{"self":[{"href":"https:\/\/jornalcorporativo.com.br\/en\/wp-json\/wp\/v2\/posts\/25372","targetHints":{"allow":["GET"]}}],"collection":[{"href":"https:\/\/jornalcorporativo.com.br\/en\/wp-json\/wp\/v2\/posts"}],"about":[{"href":"https:\/\/jornalcorporativo.com.br\/en\/wp-json\/wp\/v2\/types\/post"}],"author":[{"embeddable":true,"href":"https:\/\/jornalcorporativo.com.br\/en\/wp-json\/wp\/v2\/users\/4"}],"replies":[{"embeddable":true,"href":"https:\/\/jornalcorporativo.com.br\/en\/wp-json\/wp\/v2\/comments?post=25372"}],"version-history":[{"count":0,"href":"https:\/\/jornalcorporativo.com.br\/en\/wp-json\/wp\/v2\/posts\/25372\/revisions"}],"wp:featuredmedia":[{"embeddable":true,"href":"https:\/\/jornalcorporativo.com.br\/en\/wp-json\/wp\/v2\/media\/25368"}],"wp:attachment":[{"href":"https:\/\/jornalcorporativo.com.br\/en\/wp-json\/wp\/v2\/media?parent=25372"}],"wp:term":[{"taxonomy":"category","embeddable":true,"href":"https:\/\/jornalcorporativo.com.br\/en\/wp-json\/wp\/v2\/categories?post=25372"},{"taxonomy":"post_tag","embeddable":true,"href":"https:\/\/jornalcorporativo.com.br\/en\/wp-json\/wp\/v2\/tags?post=25372"}],"curies":[{"name":"wp","href":"https:\/\/api.w.org\/{rel}","templated":true}]}}