{"id":25377,"date":"2026-04-29T08:00:52","date_gmt":"2026-04-29T11:00:52","guid":{"rendered":"https:\/\/jornalcorporativo.com.br\/redacao\/saf-botafogo-suspende-direitos-eagle-bidco-estrategia\/"},"modified":"2026-04-29T08:00:52","modified_gmt":"2026-04-29T11:00:52","slug":"saf-botafogo-suspende-direitos-eagle-bidco-estrategia","status":"publish","type":"post","link":"https:\/\/jornalcorporativo.com.br\/en\/brasil\/saf-botafogo-suspende-direitos-eagle-bidco-estrategia\/","title":{"rendered":"SAF do Botafogo vence disputa judicial e suspende direitos pol\u00edticos da Eagle Bidco: entenda a estrat\u00e9gia"},"content":{"rendered":"<h2>A vit\u00f3ria judicial da SAF do Botafogo<\/h2>\n<p>A Sociedade An\u00f4nima do Futebol (SAF) do Botafogo conquistou uma vit\u00f3ria significativa ao obter a suspens\u00e3o dos direitos pol\u00edticos da Eagle Bidco na assembleia do clube. Esta decis\u00e3o judicial marca um ponto de inflex\u00e3o importante na complexa estrutura acion\u00e1ria do clube de estrela solit\u00e1ria, alterando fundamentalmente o cen\u00e1rio pol\u00edtico interno da institui\u00e7\u00e3o.<\/p>\n<p>Com a suspens\u00e3o dos direitos da Eagle Bidco, o clube social do Botafogo torna-se o \u00fanico s\u00f3cio com direito a voto nas assembleias que ser\u00e3o convocadas pelo administrador interino Durcesio Mello. Esta mudan\u00e7a representa uma transforma\u00e7\u00e3o estrat\u00e9gica significativa na din\u00e2mica de poder dentro da organiza\u00e7\u00e3o alvinegra.<\/p>\n<h2>Motiva\u00e7\u00f5es estrat\u00e9gicas por tr\u00e1s da a\u00e7\u00e3o judicial<\/h2>\n<p>A estrat\u00e9gia da SAF em requerer a suspens\u00e3o dos direitos pol\u00edticos da Eagle Bidco n\u00e3o foi uma decis\u00e3o aleat\u00f3ria. Internamente, a dirig\u00eancia da empresa alvinegra compreende que dialogar com o clube social \u00e9 consideravelmente mais vi\u00e1vel do que negociar com os acionistas majorit\u00e1rios. Esta percep\u00e7\u00e3o reflete uma avalia\u00e7\u00e3o cuidadosa sobre com quem ser\u00e1 mais f\u00e1cil chegar a acordos que beneficiem a SAF.<\/p>\n<p>H\u00e1 tamb\u00e9m a cren\u00e7a, dentro dos c\u00edrculos executivos do clube-empresa, de que a preocupa\u00e7\u00e3o primordial da Eagle Bidco limita-se \u00e0 recupera\u00e7\u00e3o do Olympique Lyonnais. Caso a holding conseguisse assumir o controle da SAF, existiria o risco de que documentos fossem assinados liberando as partes de valores que o Botafogo afirma ter direito a receber.<\/p>\n<h2>A quest\u00e3o financeira do Olympique Lyonnais<\/h2>\n<p>Um dos pontos centrais desta disputa est\u00e1 diretamente relacionado ao patrim\u00f4nio financeiro transferido para o clube franc\u00eas. A SAF do Botafogo argumenta que, devido ao sistema de caixa \u00fanico que vigorava na holding, foram repassados aproximadamente 50 milh\u00f5es de euros, equivalente a cerca de 292 milh\u00f5es de reais, para o Olympique Lyonnais.<\/p>\n<p>Este montante gerou uma disputa legal entre as institui\u00e7\u00f5es na Justi\u00e7a brasileira, com o Botafogo buscando recuperar o valor desembolsado. A preocupa\u00e7\u00e3o da SAF \u00e9 que, com a Eagle Bidco controlando a organiza\u00e7\u00e3o, tal recupera\u00e7\u00e3o financeira pudesse ser comprometida atrav\u00e9s de acordos que anulariam essas pend\u00eancias.<\/p>\n<h2>Pr\u00f3ximos passos e negocia\u00e7\u00f5es futuras<\/h2>\n<p>Com a vit\u00f3ria judicial consolidada, a estrat\u00e9gia da SAF agora se concentra em aproxima\u00e7\u00e3o com o clube social para pacificar a situa\u00e7\u00e3o interna e, principalmente, obter aprova\u00e7\u00e3o para um empr\u00e9stimo de 25 milh\u00f5es de d\u00f3lares destinado a John Textor. Este aporte financeiro seria viabilizado atrav\u00e9s da emiss\u00e3o de novas a\u00e7\u00f5es da empresa alvinegra.<\/p>\n<p>No entanto, esta proposta enfrenta resist\u00eancia do associativo. Em v\u00e1rias ocasi\u00f5es, os representantes do clube social deixaram clara a recusa em aceitar a entrada destes recursos, argumentando que a opera\u00e7\u00e3o apresenta riscos significativos para o futuro institucional do Botafogo. O di\u00e1logo que se avizinha promete ser delicado e exigir\u00e1 concess\u00f5es de ambas as partes.<\/p>\n<h2>Implica\u00e7\u00f5es para o futuro do clube<\/h2>\n<p>Esta vit\u00f3ria jur\u00eddica redistribui o poder pol\u00edtico interno do Botafogo, criando um novo panorama de negocia\u00e7\u00f5es. A capacidade da SAF em dialogar efetivamente com o clube social ser\u00e1 determinante para o sucesso de seus projetos futuros, incluindo as opera\u00e7\u00f5es financeiras essenciais para manter a competitividade institucional.<\/p>","protected":false},"excerpt":{"rendered":"<p>SAF do Botafogo suspende direitos da Eagle Bidco judicialmente. Entenda estrat\u00e9gia, disputa pelo Lyon e empr\u00e9stimo de Textor.<\/p>","protected":false},"author":4,"featured_media":25375,"comment_status":"open","ping_status":"open","sticky":false,"template":"","format":"standard","meta":{"_crdt_document":"","footnotes":""},"categories":[36],"tags":[],"class_list":["post-25377","post","type-post","status-publish","format-standard","has-post-thumbnail","hentry","category-brasil"],"brizy_media":[],"_links":{"self":[{"href":"https:\/\/jornalcorporativo.com.br\/en\/wp-json\/wp\/v2\/posts\/25377","targetHints":{"allow":["GET"]}}],"collection":[{"href":"https:\/\/jornalcorporativo.com.br\/en\/wp-json\/wp\/v2\/posts"}],"about":[{"href":"https:\/\/jornalcorporativo.com.br\/en\/wp-json\/wp\/v2\/types\/post"}],"author":[{"embeddable":true,"href":"https:\/\/jornalcorporativo.com.br\/en\/wp-json\/wp\/v2\/users\/4"}],"replies":[{"embeddable":true,"href":"https:\/\/jornalcorporativo.com.br\/en\/wp-json\/wp\/v2\/comments?post=25377"}],"version-history":[{"count":0,"href":"https:\/\/jornalcorporativo.com.br\/en\/wp-json\/wp\/v2\/posts\/25377\/revisions"}],"wp:featuredmedia":[{"embeddable":true,"href":"https:\/\/jornalcorporativo.com.br\/en\/wp-json\/wp\/v2\/media\/25375"}],"wp:attachment":[{"href":"https:\/\/jornalcorporativo.com.br\/en\/wp-json\/wp\/v2\/media?parent=25377"}],"wp:term":[{"taxonomy":"category","embeddable":true,"href":"https:\/\/jornalcorporativo.com.br\/en\/wp-json\/wp\/v2\/categories?post=25377"},{"taxonomy":"post_tag","embeddable":true,"href":"https:\/\/jornalcorporativo.com.br\/en\/wp-json\/wp\/v2\/tags?post=25377"}],"curies":[{"name":"wp","href":"https:\/\/api.w.org\/{rel}","templated":true}]}}