{"id":25378,"date":"2026-04-29T08:00:52","date_gmt":"2026-04-29T11:00:52","guid":{"rendered":"https:\/\/jornalcorporativo.com.br\/redacao\/cat-dantas-atriz-ascensao-cinema-redes-sociais\/"},"modified":"2026-04-29T08:00:52","modified_gmt":"2026-04-29T11:00:52","slug":"cat-dantas-atriz-ascensao-cinema-redes-sociais","status":"publish","type":"post","link":"https:\/\/jornalcorporativo.com.br\/en\/noticias\/cat-dantas-atriz-ascensao-cinema-redes-sociais\/","title":{"rendered":"Cat Dantas: a atriz em ascens\u00e3o que domina cinema, s\u00e9ries e redes sociais"},"content":{"rendered":"<h2>Uma carreira em ascens\u00e3o: de atriz a influenciadora digital<\/h2>\n<p>Cat Dantas vive um momento decisivo em sua carreira, consolidando-se como uma das novas vozes mais promissoras do audiovisual brasileiro. Combinando sua forma\u00e7\u00e3o como atriz com uma forte presen\u00e7a nas redes sociais, ela tem se destacado n\u00e3o apenas pelas performances em tela, mas tamb\u00e9m pela aut\u00eantica conex\u00e3o que mant\u00e9m com seu p\u00fablico digital, resultado de projetos inovadores e uma estreia internacional de grande relev\u00e2ncia.<\/p>\n<h2>O destaque de &#8216;Deixe-me Viver&#8217; e o impacto viral nas redes<\/h2>\n<p>O longa-metragem <strong>&#8220;Deixe-me Viver&#8221;<\/strong> marca um ponto de virada importante na trajet\u00f3ria da atriz. Neste projeto, Cat interpreta a protagonista, uma jovem enfrentando o dif\u00edcil caminho do tratamento contra o c\u00e2ncer. O elenco \u00e9 refor\u00e7ado por nomes experientes como M\u00f4nica Carvalho e Humberto Martins, e o filme chegar\u00e1 ao p\u00fablico atrav\u00e9s do prestigiado <strong>Festival de Cannes<\/strong>, representando um marco significativo na carreira da atriz.<\/p>\n<p>O que torna essa experi\u00eancia ainda mais not\u00e1vel \u00e9 a estrat\u00e9gia de divulga\u00e7\u00e3o adotada por Cat. A atriz compartilhou bastidores do processo de grava\u00e7\u00e3o no TikTok, gerando um fen\u00f4meno inesperado: seus v\u00eddeos ultrapassaram 100 milh\u00f5es de visualiza\u00e7\u00f5es, com muitos espectadores de diferentes pa\u00edses acompanhando a produ\u00e7\u00e3o. &#8220;Foi um projeto muito intenso. Eu vivi uma protagonista com c\u00e2ncer e compartilhei bastidores no TikTok. Os v\u00eddeos passaram de 100 milh\u00f5es de visualiza\u00e7\u00f5es, com muita gente de fora assistindo e at\u00e9 achando que era real. Isso me deu uma visibilidade muito grande&#8221;, relata Cat.<\/p>\n<h2>Uma sequ\u00eancia consistente de trabalhos em audiovisual<\/h2>\n<p>Al\u00e9m de &#8220;Deixe-me Viver&#8221;, Cat tem mantido uma produ\u00e7\u00e3o impressionante nos \u00faltimos anos. Em 2025, participou da <strong>s\u00e9rie b\u00edblica &#8220;A Vida de J\u00f3&#8221;<\/strong>, distribu\u00edda pela Record TV, Disney+ e Univer V\u00eddeo, ampliando seu alcance a diferentes plataformas. Posteriormente, integrou o elenco da s\u00e9rie <strong>&#8220;As Sete Marias&#8221;<\/strong>, onde interpreta Zahara, uma das personagens centrais da trama.<\/p>\n<p>Durante 2024, atuou em tr\u00eas produ\u00e7\u00f5es cinematogr\u00e1ficas aguardando lan\u00e7amento: &#8220;Juntos para Sempre&#8221; (primeiro filme do diretor Walcyr Carrasco), &#8220;Julieta e Romeu&#8221; e <strong>&#8220;Nunca te Prometi um Mar de Rosas&#8221;<\/strong>, no qual desempenhou uma protagonista autista n\u00edvel 2, contraceninando com a atriz Leona Cavalli. Estes pap\u00e9is demonstram sua versatilidade e disposi\u00e7\u00e3o em enfrentar desafios complexos. &#8220;Tenho buscado me desafiar em cada personagem. S\u00e3o hist\u00f3rias muito diferentes entre si, com cargas emocionais intensas, e isso \u00e9 o que mais me move&#8221;, explica a atriz.<\/p>\n<h2>In\u00edcio precoce e forma\u00e7\u00e3o internacional<\/h2>\n<p>A trajet\u00f3ria de Cat no mundo do audiovisual come\u00e7ou ainda na inf\u00e2ncia, em um contexto internacional. Seu primeiro trabalho profissional foi a s\u00e9rie <strong>&#8220;Mystery Maker Around the World&#8221;<\/strong>, uma produ\u00e7\u00e3o da BBC gravada completamente em ingl\u00eas. &#8220;Eu era bem novinha. Precisavam de uma crian\u00e7a brasileira que falasse ingl\u00eas brit\u00e2nico fluente, e esse foi meu primeiro trabalho. Foi tudo muito cedo&#8221;, relembra Cat sobre essa experi\u00eancia formativa.<\/p>\n<h2>Consolida\u00e7\u00e3o como nome de destaque no audiovisual<\/h2>\n<p>Desde esses prim\u00f3rdios profissionais, Cat construiu sua carreira de forma org\u00e2nica e estrat\u00e9gica, transitando entre diferentes formatos e plataformas com naturalidade. O que a diferencia no mercado \u00e9 sua capacidade de conectar o universo digital com o audiovisual tradicional, mantendo autenticidade em ambos os espa\u00e7os. Sua presen\u00e7a nas redes sociais n\u00e3o funciona como simples ferramenta de autopromo\u00e7\u00e3o, mas como extens\u00e3o genu\u00edna de sua arte e da conex\u00e3o que mant\u00e9m com seus f\u00e3s, consolidando-a como um nome em ascens\u00e3o do entretenimento brasileiro.<\/p>","protected":false},"excerpt":{"rendered":"<p>Cat Dantas consolida carreira como atriz em ascens\u00e3o, unindo sucesso em s\u00e9ries, cinema e redes sociais com 100 milh\u00f5es de visualiza\u00e7\u00f5es<\/p>","protected":false},"author":4,"featured_media":25374,"comment_status":"open","ping_status":"open","sticky":false,"template":"","format":"standard","meta":{"_crdt_document":"","footnotes":""},"categories":[269],"tags":[],"class_list":["post-25378","post","type-post","status-publish","format-standard","has-post-thumbnail","hentry","category-noticias"],"brizy_media":[],"_links":{"self":[{"href":"https:\/\/jornalcorporativo.com.br\/en\/wp-json\/wp\/v2\/posts\/25378","targetHints":{"allow":["GET"]}}],"collection":[{"href":"https:\/\/jornalcorporativo.com.br\/en\/wp-json\/wp\/v2\/posts"}],"about":[{"href":"https:\/\/jornalcorporativo.com.br\/en\/wp-json\/wp\/v2\/types\/post"}],"author":[{"embeddable":true,"href":"https:\/\/jornalcorporativo.com.br\/en\/wp-json\/wp\/v2\/users\/4"}],"replies":[{"embeddable":true,"href":"https:\/\/jornalcorporativo.com.br\/en\/wp-json\/wp\/v2\/comments?post=25378"}],"version-history":[{"count":0,"href":"https:\/\/jornalcorporativo.com.br\/en\/wp-json\/wp\/v2\/posts\/25378\/revisions"}],"wp:featuredmedia":[{"embeddable":true,"href":"https:\/\/jornalcorporativo.com.br\/en\/wp-json\/wp\/v2\/media\/25374"}],"wp:attachment":[{"href":"https:\/\/jornalcorporativo.com.br\/en\/wp-json\/wp\/v2\/media?parent=25378"}],"wp:term":[{"taxonomy":"category","embeddable":true,"href":"https:\/\/jornalcorporativo.com.br\/en\/wp-json\/wp\/v2\/categories?post=25378"},{"taxonomy":"post_tag","embeddable":true,"href":"https:\/\/jornalcorporativo.com.br\/en\/wp-json\/wp\/v2\/tags?post=25378"}],"curies":[{"name":"wp","href":"https:\/\/api.w.org\/{rel}","templated":true}]}}