{"id":25379,"date":"2026-04-29T08:00:52","date_gmt":"2026-04-29T11:00:52","guid":{"rendered":"https:\/\/jornalcorporativo.com.br\/redacao\/lula-votacao-jorge-messias-stf-senado\/"},"modified":"2026-04-29T08:00:52","modified_gmt":"2026-04-29T11:00:52","slug":"lula-votacao-jorge-messias-stf-senado","status":"publish","type":"post","link":"https:\/\/jornalcorporativo.com.br\/en\/politica\/lula-votacao-jorge-messias-stf-senado\/","title":{"rendered":"Lula Enfrenta Vota\u00e7\u00e3o Crucial no Senado: Indica\u00e7\u00e3o de Jorge Messias para o STF em Jogo"},"content":{"rendered":"<h2>Um Momento Decisivo para o Terceiro Mandato<\/h2>\n<p>O presidente Luiz In\u00e1cio Lula da Silva enfrenta nesta quarta-feira um dos testes pol\u00edticos mais cr\u00edticos de seu terceiro mandato. A vota\u00e7\u00e3o no Senado Federal sobre a indica\u00e7\u00e3o de Jorge Messias para uma cadeira no Supremo Tribunal Federal representa muito mais que uma simples confirma\u00e7\u00e3o de um nome ao tribunal. Trata-se de um momento que pode redefinir a din\u00e2mica pol\u00edtica do governo frente ao Congresso Nacional e \u00e0 opini\u00e3o p\u00fablica.<\/p>\n<h2>As Apostas Pol\u00edticas em Jogo<\/h2>\n<p>Para Lula, a situa\u00e7\u00e3o \u00e9 inequ\u00edvoca: \u00e9 vencer ou vencer. Uma eventual derrota nesta vota\u00e7\u00e3o representaria um rev\u00e9s sem precedentes em seu atual mandato, fragilizando significativamente sua posi\u00e7\u00e3o perante o Senado e a C\u00e2mara dos Deputados. Mais do que isso, sinalizaria fraqueza diante de um eleitorado que j\u00e1 demonstra ressalvas consider\u00e1veis em rela\u00e7\u00e3o ao governo.<\/p>\n<h2>O Contexto Pol\u00edtico Atual<\/h2>\n<p>A indica\u00e7\u00e3o de Jorge Messias para o STF n\u00e3o surge em um v\u00e1cuo pol\u00edtico. Ela emerge em um momento em que o governo enfrenta desafios m\u00faltiplos: quest\u00f5es econ\u00f4micas complexas, press\u00f5es legislativas crescentes e uma base de apoio que precisa ser constantemente renovada e reafirmada. A confirma\u00e7\u00e3o desse nome no tribunal supremo \u00e9 vista pelo Pal\u00e1cio do Planalto como essencial para manter a governabilidade e demonstrar for\u00e7a pol\u00edtica perante seus advers\u00e1rios.<\/p>\n<h2>Implica\u00e7\u00f5es para o Congresso e a Sociedade<\/h2>\n<p>O resultado desta vota\u00e7\u00e3o ter\u00e1 repercuss\u00f5es amplas. Uma vit\u00f3ria do governo refor\u00e7aria sua capacidade de pautar a agenda pol\u00edtica nacional e garantiria uma presen\u00e7a mais influente no poder judici\u00e1rio. Por outro lado, uma derrota abriria precedentes preocupantes para futuras vota\u00e7\u00f5es e enfraqueceria a autoridade presidencial no tocante \u00e0s nomea\u00e7\u00f5es institucionais.<\/p>\n<p>O eleitorado, j\u00e1 relativamente desconfiado das institui\u00e7\u00f5es e da pol\u00edtica tradicional, observa atentamente como se desenrola esse embate. A percep\u00e7\u00e3o de for\u00e7a ou fraqueza do governo influencia diretamente nos \u00edndices de confian\u00e7a e aprova\u00e7\u00e3o presidencial, aspectos fundamentais para qualquer gest\u00e3o que busca implementar sua agenda pol\u00edtica.<\/p>\n<h2>A Import\u00e2ncia do Supremo Tribunal Federal<\/h2>\n<p>O STF, como corte constitucional m\u00e1xima do pa\u00eds, possui relev\u00e2ncia singular na estrutura de poder brasileira. Suas decis\u00f5es impactam pol\u00edticas p\u00fablicas, legisla\u00e7\u00f5es e a pr\u00f3pria din\u00e2mica pol\u00edtica nacional. Por isso, as indica\u00e7\u00f5es para o tribunal sempre foram quest\u00f5es de alto significado pol\u00edtico, frequentemente gerando debates intensos sobre a separa\u00e7\u00e3o dos poderes e a preserva\u00e7\u00e3o da independ\u00eancia do judici\u00e1rio.<\/p>\n<p>A indica\u00e7\u00e3o de Messias se insere nesse contexto hist\u00f3rico, representando n\u00e3o apenas uma quest\u00e3o t\u00e9cnica de preenchimento de vagas, mas uma escolha pol\u00edtica carregada de significado para o equilibrio entre os poderes da Rep\u00fablica.<\/p>","protected":false},"excerpt":{"rendered":"<p>Lula enfrenta vota\u00e7\u00e3o decisiva no Senado sobre indica\u00e7\u00e3o de Jorge Messias para o STF. Derrota fragilizaria governo frente ao Congresso.<\/p>","protected":false},"author":4,"featured_media":25376,"comment_status":"open","ping_status":"open","sticky":false,"template":"","format":"standard","meta":{"_crdt_document":"","footnotes":""},"categories":[7],"tags":[],"class_list":["post-25379","post","type-post","status-publish","format-standard","has-post-thumbnail","hentry","category-politica"],"brizy_media":[],"_links":{"self":[{"href":"https:\/\/jornalcorporativo.com.br\/en\/wp-json\/wp\/v2\/posts\/25379","targetHints":{"allow":["GET"]}}],"collection":[{"href":"https:\/\/jornalcorporativo.com.br\/en\/wp-json\/wp\/v2\/posts"}],"about":[{"href":"https:\/\/jornalcorporativo.com.br\/en\/wp-json\/wp\/v2\/types\/post"}],"author":[{"embeddable":true,"href":"https:\/\/jornalcorporativo.com.br\/en\/wp-json\/wp\/v2\/users\/4"}],"replies":[{"embeddable":true,"href":"https:\/\/jornalcorporativo.com.br\/en\/wp-json\/wp\/v2\/comments?post=25379"}],"version-history":[{"count":0,"href":"https:\/\/jornalcorporativo.com.br\/en\/wp-json\/wp\/v2\/posts\/25379\/revisions"}],"wp:featuredmedia":[{"embeddable":true,"href":"https:\/\/jornalcorporativo.com.br\/en\/wp-json\/wp\/v2\/media\/25376"}],"wp:attachment":[{"href":"https:\/\/jornalcorporativo.com.br\/en\/wp-json\/wp\/v2\/media?parent=25379"}],"wp:term":[{"taxonomy":"category","embeddable":true,"href":"https:\/\/jornalcorporativo.com.br\/en\/wp-json\/wp\/v2\/categories?post=25379"},{"taxonomy":"post_tag","embeddable":true,"href":"https:\/\/jornalcorporativo.com.br\/en\/wp-json\/wp\/v2\/tags?post=25379"}],"curies":[{"name":"wp","href":"https:\/\/api.w.org\/{rel}","templated":true}]}}