{"id":25386,"date":"2026-04-29T12:00:49","date_gmt":"2026-04-29T15:00:49","guid":{"rendered":"https:\/\/jornalcorporativo.com.br\/redacao\/luis-suarez-multado-mls-simulacao-inter-miami\/"},"modified":"2026-04-29T12:00:49","modified_gmt":"2026-04-29T15:00:49","slug":"luis-suarez-multado-mls-simulacao-inter-miami","status":"publish","type":"post","link":"https:\/\/jornalcorporativo.com.br\/en\/esportes\/luis-suarez-multado-mls-simulacao-inter-miami\/","title":{"rendered":"Luis Su\u00e1rez \u00e9 multado pela MLS por simula\u00e7\u00e3o em partida do Inter Miami"},"content":{"rendered":"<h2>Multa pela MLS por viola\u00e7\u00e3o de pol\u00edtica de simula\u00e7\u00e3o<\/h2>\n<p>O atacante Luis Su\u00e1rez, do Inter Miami, recebeu uma multa da Major League Soccer (MLS) por violar a pol\u00edtica da competi\u00e7\u00e3o referente \u00e0 simula\u00e7\u00e3o. O lance que gerou a puni\u00e7\u00e3o ocorreu no empate por 1 a 1 contra o New England Revolution, disputado no \u00faltimo s\u00e1bado, 25 de abril, no Nu Stadium.<\/p>\n<p>Em comunicado oficial, a MLS confirmou a puni\u00e7\u00e3o: &#8220;O Comit\u00ea Disciplinar da MLS multou o atacante do Inter Miami CF, Luis Su\u00e1rez, por violar a pol\u00edtica da liga referente \u00e0 simula\u00e7\u00e3o\/exagero no minuto 72 da partida do Miami contra o New England Revolution, em 25 de abril&#8221;. A decis\u00e3o refor\u00e7a o compromisso da liga americana em combater pr\u00e1ticas que prejudicam a integridade do jogo.<\/p>\n<h2>Hist\u00f3rico de puni\u00e7\u00f5es do atacante uruguaio<\/h2>\n<p>Esta n\u00e3o \u00e9 a primeira vez que Luis Su\u00e1rez enfrenta san\u00e7\u00f5es disciplinares desde sua chegada \u00e0 MLS. O atacante uruguaio possui um hist\u00f3rico que evidencia a necessidade de maior controle comportamental dentro de campo e fora dele.<\/p>\n<h3>Incidentes anteriores<\/h3>\n<p>Em fevereiro do ano passado, Su\u00e1rez foi punido por violar a regra que pro\u00edbe contato com o rosto, cabe\u00e7a ou pesco\u00e7o de um advers\u00e1rio. O atacante agarrou um defensor do New York City pela nuca durante uma discuss\u00e3o que ocorreu no intervalo do jogo, gerando grande repercuss\u00e3o na m\u00eddia especializada.<\/p>\n<p>O incidente mais grave envolvendo o jogador ocorreu em setembro, quando Su\u00e1rez foi suspenso por seis jogos na Copa da Liga. A puni\u00e7\u00e3o foi aplicada ap\u00f3s o atacante cuspir em um membro da equipe t\u00e9cnica do Seattle Sounders durante a final do torneio. A MLS tamb\u00e9m aplicou uma suspens\u00e3o de tr\u00eas partidas pelo mesmo incidente, demonstrando a seriedade com que a liga trata tais comportamentos.<\/p>\n<h2>Perspectivas para o Inter Miami<\/h2>\n<p>Apesar das puni\u00e7\u00f5es recebidas, Luis Su\u00e1rez continua sendo pe\u00e7a fundamental no elenco do Inter Miami. A pr\u00f3xima partida do clube ser\u00e1 neste s\u00e1bado, \u00e0s 20h15 (hor\u00e1rio de Bras\u00edlia), contra o Orlando City, v\u00e1lida pela 11\u00aa rodada da Major League Soccer.<\/p>\n<p>O Inter Miami ocupa a segunda coloca\u00e7\u00e3o na Confer\u00eancia Leste, acumulando 19 pontos, apenas tr\u00eas a menos do que o l\u00edder Nashville SC. O desempenho da equipe demonstra a import\u00e2ncia do atacante uruguaio para os objetivos da franquia na temporada, apesar dos problemas disciplinares que continuam a marcar sua trajet\u00f3ria na liga americana.<\/p>","protected":false},"excerpt":{"rendered":"<p>Luis Su\u00e1rez multado pela MLS por simula\u00e7\u00e3o no Inter Miami. Confira o hist\u00f3rico de puni\u00e7\u00f5es do atacante uruguaio.<\/p>","protected":false},"author":4,"featured_media":25381,"comment_status":"open","ping_status":"open","sticky":false,"template":"","format":"standard","meta":{"_crdt_document":"","footnotes":""},"categories":[6],"tags":[],"class_list":["post-25386","post","type-post","status-publish","format-standard","has-post-thumbnail","hentry","category-esportes"],"brizy_media":[],"_links":{"self":[{"href":"https:\/\/jornalcorporativo.com.br\/en\/wp-json\/wp\/v2\/posts\/25386","targetHints":{"allow":["GET"]}}],"collection":[{"href":"https:\/\/jornalcorporativo.com.br\/en\/wp-json\/wp\/v2\/posts"}],"about":[{"href":"https:\/\/jornalcorporativo.com.br\/en\/wp-json\/wp\/v2\/types\/post"}],"author":[{"embeddable":true,"href":"https:\/\/jornalcorporativo.com.br\/en\/wp-json\/wp\/v2\/users\/4"}],"replies":[{"embeddable":true,"href":"https:\/\/jornalcorporativo.com.br\/en\/wp-json\/wp\/v2\/comments?post=25386"}],"version-history":[{"count":0,"href":"https:\/\/jornalcorporativo.com.br\/en\/wp-json\/wp\/v2\/posts\/25386\/revisions"}],"wp:featuredmedia":[{"embeddable":true,"href":"https:\/\/jornalcorporativo.com.br\/en\/wp-json\/wp\/v2\/media\/25381"}],"wp:attachment":[{"href":"https:\/\/jornalcorporativo.com.br\/en\/wp-json\/wp\/v2\/media?parent=25386"}],"wp:term":[{"taxonomy":"category","embeddable":true,"href":"https:\/\/jornalcorporativo.com.br\/en\/wp-json\/wp\/v2\/categories?post=25386"},{"taxonomy":"post_tag","embeddable":true,"href":"https:\/\/jornalcorporativo.com.br\/en\/wp-json\/wp\/v2\/tags?post=25386"}],"curies":[{"name":"wp","href":"https:\/\/api.w.org\/{rel}","templated":true}]}}