{"id":25387,"date":"2026-04-29T12:00:49","date_gmt":"2026-04-29T15:00:49","guid":{"rendered":"https:\/\/jornalcorporativo.com.br\/redacao\/adriana-esteves-brilha-os-outros-terceira-temporada\/"},"modified":"2026-04-29T12:00:49","modified_gmt":"2026-04-29T15:00:49","slug":"adriana-esteves-brilha-os-outros-terceira-temporada","status":"publish","type":"post","link":"https:\/\/jornalcorporativo.com.br\/en\/noticias\/adriana-esteves-brilha-os-outros-terceira-temporada\/","title":{"rendered":"Adriana Esteves brilha em &#8216;Os Outros&#8217; e encerra terceira temporada com final impactante no Globoplay"},"content":{"rendered":"<h2>Uma performance memor\u00e1vel no final de temporada<\/h2>\n<p>Adriana Esteves entregou uma performance extraordin\u00e1ria nos \u00faltimos epis\u00f3dios de &#8220;Os Outros&#8221;, s\u00e9rie dispon\u00edvel no Globoplay, consolidando seu papel como um dos destaques da produ\u00e7\u00e3o. A atriz demonstrou toda sua capacidade interpretativa durante o encerramento de seu personagem, proporcionando aos espectadores momentos memor\u00e1veis e emocionantes que marcaram presen\u00e7a na narrativa final.<\/p>\n<h2>O encerramento da terceira temporada<\/h2>\n<p>A terceira temporada de &#8220;Os Outros&#8221; conseguiu encerrar sua jornada de forma significativamente satisfat\u00f3ria, apresentando um desfecho bem constru\u00eddo que deixou claro o progresso da s\u00e9rie ao longo de seus epis\u00f3dios. O final alcan\u00e7ou a miss\u00e3o de entregar um encerramento coerente com a narrativa desenvolvida, mantendo a qualidade e engajamento dos espectadores at\u00e9 o \u00faltimo momento de transmiss\u00e3o.<\/p>\n<h3>Comparativo com temporadas anteriores<\/h3>\n<p>Comparada \u00e0 segunda temporada, a terceira temporada demonstrou uma evolu\u00e7\u00e3o clara em diversos aspectos. A produ\u00e7\u00e3o conseguiu refinar elementos narrativos, aprofundar o desenvolvimento dos personagens e manter um ritmo mais consistente ao longo dos epis\u00f3dios. No entanto, mesmo com essas melhorias significativas, a temporada n\u00e3o alcan\u00e7ou completamente o potencial demonstrado pelos primeiros epis\u00f3dios da s\u00e9rie, deixando margem para novas possibilidades de aprimoramento em futuras produ\u00e7\u00f5es.<\/p>\n<h3>Qualidade da narrativa e conclus\u00f5es<\/h3>\n<p>O desfecho apresentado conseguiu satisfazer grande parte do p\u00fablico que acompanhou a trajet\u00f3ria desde o in\u00edcio. A forma como a hist\u00f3ria foi conduzida nos momentos finais refletiu cuidado com os personagens e suas jornadas. Adriana Esteves, em particular, deixou sua marca de qualidade atrav\u00e9s de uma atua\u00e7\u00e3o que reafirma seu status como uma das atrizes mais talentosas da teledramaturgia brasileira contempor\u00e2nea.<\/p>\n<p>A s\u00e9rie &#8220;Os Outros&#8221; no Globoplay continua sendo uma op\u00e7\u00e3o de entretenimento de qualidade para aqueles que apreciam produ\u00e7\u00f5es que combinam drama, complexidade narrativa e boas performances de elenco. O t\u00e9rmino da terceira temporada abre espa\u00e7o para reflex\u00f5es sobre o futuro da s\u00e9rie e as possibilidades que possam surgir em continua\u00e7\u00f5es futuras.<\/p>","protected":false},"excerpt":{"rendered":"<p>Adriana Esteves brilha em Os Outros com performance memor\u00e1vel no final da terceira temporada do Globoplay. Conhe\u00e7a os destaques.<\/p>","protected":false},"author":4,"featured_media":25383,"comment_status":"open","ping_status":"open","sticky":false,"template":"","format":"standard","meta":{"_crdt_document":"","footnotes":""},"categories":[269],"tags":[],"class_list":["post-25387","post","type-post","status-publish","format-standard","has-post-thumbnail","hentry","category-noticias"],"brizy_media":[],"_links":{"self":[{"href":"https:\/\/jornalcorporativo.com.br\/en\/wp-json\/wp\/v2\/posts\/25387","targetHints":{"allow":["GET"]}}],"collection":[{"href":"https:\/\/jornalcorporativo.com.br\/en\/wp-json\/wp\/v2\/posts"}],"about":[{"href":"https:\/\/jornalcorporativo.com.br\/en\/wp-json\/wp\/v2\/types\/post"}],"author":[{"embeddable":true,"href":"https:\/\/jornalcorporativo.com.br\/en\/wp-json\/wp\/v2\/users\/4"}],"replies":[{"embeddable":true,"href":"https:\/\/jornalcorporativo.com.br\/en\/wp-json\/wp\/v2\/comments?post=25387"}],"version-history":[{"count":0,"href":"https:\/\/jornalcorporativo.com.br\/en\/wp-json\/wp\/v2\/posts\/25387\/revisions"}],"wp:featuredmedia":[{"embeddable":true,"href":"https:\/\/jornalcorporativo.com.br\/en\/wp-json\/wp\/v2\/media\/25383"}],"wp:attachment":[{"href":"https:\/\/jornalcorporativo.com.br\/en\/wp-json\/wp\/v2\/media?parent=25387"}],"wp:term":[{"taxonomy":"category","embeddable":true,"href":"https:\/\/jornalcorporativo.com.br\/en\/wp-json\/wp\/v2\/categories?post=25387"},{"taxonomy":"post_tag","embeddable":true,"href":"https:\/\/jornalcorporativo.com.br\/en\/wp-json\/wp\/v2\/tags?post=25387"}],"curies":[{"name":"wp","href":"https:\/\/api.w.org\/{rel}","templated":true}]}}