{"id":25388,"date":"2026-04-29T12:00:49","date_gmt":"2026-04-29T15:00:49","guid":{"rendered":"https:\/\/jornalcorporativo.com.br\/redacao\/record-nao-exibe-resultado-prova-casa-do-patrao\/"},"modified":"2026-04-29T12:00:49","modified_gmt":"2026-04-29T15:00:49","slug":"record-nao-exibe-resultado-prova-casa-do-patrao","status":"publish","type":"post","link":"https:\/\/jornalcorporativo.com.br\/en\/noticias\/record-nao-exibe-resultado-prova-casa-do-patrao\/","title":{"rendered":"Record n\u00e3o exibe resultado de prova principal da Casa do Patr\u00e3o: audi\u00eancia fica sem desfecho"},"content":{"rendered":"<h2>Record deixa audi\u00eancia em suspense ao n\u00e3o exibir resultado de prova no reality<\/h2>\n<p>A emissora Record enfrentou cr\u00edticas ap\u00f3s deixar de exibir o resultado da principal prova do reality show <strong>Casa do Patr\u00e3o<\/strong> durante sua transmiss\u00e3o ao vivo. O epis\u00f3dio gerou frustra\u00e7\u00e3o entre telespectadores que acompanharam mais de meia hora de uma competi\u00e7\u00e3o sem conhecer o desfecho esperado.<\/p>\n<h3>Transmiss\u00e3o incompleta gera insatisfa\u00e7\u00e3o do p\u00fablico<\/h3>\n<p>Durante o programa, o p\u00fablico foi convidado a acompanhar uma disputa considerada enfadonha pela maior parte da audi\u00eancia. Por\u00e9m, diferentemente do esperado, o resultado final da prova n\u00e3o foi revelado durante o hor\u00e1rio de transmiss\u00e3o na televis\u00e3o aberta. Essa decis\u00e3o deixou milhares de espectadores sem saber quem havia vencido a competi\u00e7\u00e3o, criando uma lacuna significativa na narrativa do epis\u00f3dio.<\/p>\n<h3>Desfecho restrito ao Disney+<\/h3>\n<p>Apenas quem tinha acesso \u00e0 plataforma de streaming <strong>Disney+<\/strong> conseguiu acompanhar o resultado completo da prova. Essa estrat\u00e9gia de fragmenta\u00e7\u00e3o de conte\u00fado entre a transmiss\u00e3o televisiva e a plataforma digital levantou quest\u00f5es sobre a experi\u00eancia do telespectador e a estrat\u00e9gia de marketing da emissora. A decis\u00e3o evidencia a crescente tend\u00eancia de redes de televis\u00e3o utilizarem plataformas de streaming para oferecer conte\u00fado exclusivo, criando uma divis\u00e3o entre espectadores pagantes e n\u00e3o-pagantes.<\/p>\n<h3>Impacto na audi\u00eancia e credibilidade<\/h3>\n<p>A aus\u00eancia do desfecho durante a transmiss\u00e3o linear representa um desafio para a fideliza\u00e7\u00e3o da audi\u00eancia. Espectadores que investem tempo assistindo a um programa esperam receber a conclus\u00e3o da narrativa no mesmo meio de comunica\u00e7\u00e3o. Essa estrat\u00e9gia pode afastar parte do p\u00fablico que n\u00e3o possui assinatura em plataformas de streaming, prejudicando a audi\u00eancia geral do reality show.<\/p>\n<p>A iniciativa da Record em fragmentar o conte\u00fado entre canais diferentes reflete uma transforma\u00e7\u00e3o maior no mercado audiovisual brasileiro, onde emissoras tradicionais buscam impulsionar assinantes em suas plataformas digitais. No entanto, tal pr\u00e1tica deve considerar o impacto na experi\u00eancia dos telespectadores tradicionais que continuam dependentes da transmiss\u00e3o aberta.<\/p>","protected":false},"excerpt":{"rendered":"<p>Record n\u00e3o exibe resultado de prova do reality Casa do Patr\u00e3o na TV aberta. Desfecho foi exclusivo do Disney+, frustrando audi\u00eancia.<\/p>","protected":false},"author":4,"featured_media":25384,"comment_status":"open","ping_status":"open","sticky":false,"template":"","format":"standard","meta":{"_crdt_document":"","footnotes":""},"categories":[269],"tags":[],"class_list":["post-25388","post","type-post","status-publish","format-standard","has-post-thumbnail","hentry","category-noticias"],"brizy_media":[],"_links":{"self":[{"href":"https:\/\/jornalcorporativo.com.br\/en\/wp-json\/wp\/v2\/posts\/25388","targetHints":{"allow":["GET"]}}],"collection":[{"href":"https:\/\/jornalcorporativo.com.br\/en\/wp-json\/wp\/v2\/posts"}],"about":[{"href":"https:\/\/jornalcorporativo.com.br\/en\/wp-json\/wp\/v2\/types\/post"}],"author":[{"embeddable":true,"href":"https:\/\/jornalcorporativo.com.br\/en\/wp-json\/wp\/v2\/users\/4"}],"replies":[{"embeddable":true,"href":"https:\/\/jornalcorporativo.com.br\/en\/wp-json\/wp\/v2\/comments?post=25388"}],"version-history":[{"count":0,"href":"https:\/\/jornalcorporativo.com.br\/en\/wp-json\/wp\/v2\/posts\/25388\/revisions"}],"wp:featuredmedia":[{"embeddable":true,"href":"https:\/\/jornalcorporativo.com.br\/en\/wp-json\/wp\/v2\/media\/25384"}],"wp:attachment":[{"href":"https:\/\/jornalcorporativo.com.br\/en\/wp-json\/wp\/v2\/media?parent=25388"}],"wp:term":[{"taxonomy":"category","embeddable":true,"href":"https:\/\/jornalcorporativo.com.br\/en\/wp-json\/wp\/v2\/categories?post=25388"},{"taxonomy":"post_tag","embeddable":true,"href":"https:\/\/jornalcorporativo.com.br\/en\/wp-json\/wp\/v2\/tags?post=25388"}],"curies":[{"name":"wp","href":"https:\/\/api.w.org\/{rel}","templated":true}]}}