{"id":25397,"date":"2026-04-29T16:00:55","date_gmt":"2026-04-29T19:00:55","guid":{"rendered":"https:\/\/jornalcorporativo.com.br\/redacao\/messias-recebe-politicos-pastor-sabatina-senado-stf\/"},"modified":"2026-04-29T16:00:55","modified_gmt":"2026-04-29T19:00:55","slug":"messias-recebe-politicos-pastor-sabatina-senado-stf","status":"publish","type":"post","link":"https:\/\/jornalcorporativo.com.br\/en\/politica\/messias-recebe-politicos-pastor-sabatina-senado-stf\/","title":{"rendered":"Messias recebe apoio de pol\u00edticos e l\u00edderes religiosos antes de sabatina hist\u00f3rica no Senado para vaga no STF"},"content":{"rendered":"<h2>Encontro reservado antes da sabatina no Senado Federal<\/h2>\n<p>O chefe da Advocacia-Geral da Uni\u00e3o, Jorge Messias, participou de um encontro privado com aliados pol\u00edticos, representantes do judici\u00e1rio e l\u00edderes religiosos momentos antes de sua sabatina na Comiss\u00e3o de Constitui\u00e7\u00e3o e Justi\u00e7a do Senado Federal. O evento marca um momento crucial na trajet\u00f3ria profissional de Messias, que concorre a uma vaga no Supremo Tribunal Federal, a mais alta corte de justi\u00e7a do pa\u00eds.<\/p>\n<p>Em uma sala de acesso restrito anexa ao colegiado, Messias recebeu diversos convidados que refor\u00e7aram seu apoio. Entre os presentes estavam ex-ministros do governo Luiz In\u00e1cio Lula da Silva, incluindo Renan Filho, Jader Filho, Paulo Teixeira e Silvio Costa Filho. O ministro da Defesa, Jos\u00e9 M\u00facio, tamb\u00e9m acompanhou Messias durante sua chegada ao Senado, demonstrando o respaldo institucional ao candidato.<\/p>\n<h2>Apoio religioso e institucional<\/h2>\n<p>Um dos momentos mais significativos do encontro foi a presen\u00e7a do pastor Samuel C\u00e2mara, da Assembleia de Deus, uma das principais lideran\u00e7as religiosas que j\u00e1 havia declarado apoio p\u00fablico ao nome de Messias. Como evang\u00e9lico, o chefe da AGU conta com o respaldo de importantes figuras do segmento religioso. De acordo com relatos, C\u00e2mara afirmou estar torcendo pelo ministro, descrevendo-o como competente e um homem de Deus, desejando-lhe boa sorte na sabatina.<\/p>\n<p>Al\u00e9m das lideran\u00e7as pol\u00edticas e religiosas, <strong>integrantes da c\u00fapula da Advocacia-Geral da Uni\u00e3o tamb\u00e9m compareceram<\/strong> ao espa\u00e7o reservado. Fl\u00e1vio Roman, bra\u00e7o direito de Messias na AGU, ofereceu palavras de encorajamento ao ministro, refor\u00e7ando a confian\u00e7a interna na institui\u00e7\u00e3o sobre o candidato.<\/p>\n<h2>Estrutura da sala reservada e prepara\u00e7\u00e3o<\/h2>\n<p>A sala utilizada para o encontro estava equipada com televis\u00e3o, permitindo que os convidados de Messias e dos demais sabatinandos, al\u00e9m de assessores, pudessem acompanhar toda a sess\u00e3o em tempo real. O espa\u00e7o dispunha tamb\u00e9m de caf\u00e9 e \u00e1gua para os presentes, oferecendo condi\u00e7\u00f5es confort\u00e1veis durante a espera pela sabatina.<\/p>\n<p><strong>A esposa de Messias, Karina, e um dos filhos do casal tamb\u00e9m acompanharam o evento<\/strong>, demonstrando o car\u00e1ter familiar do encontro. Outros aliados do ministro tamb\u00e9m estavam presentes, incluindo os presidentes do PSB e do PT, Jo\u00e3o Campos e Edinho Silva, respectivamente. O ministro Paulo Pereira, respons\u00e1vel pela pasta de Empreendedorismo, e o secret\u00e1rio-executivo da Secretaria de Rela\u00e7\u00f5es Institucionais, Marcelo Costa, tamb\u00e9m compareceram.<\/p>\n<h2>Sereno e confiante antes da sabatina<\/h2>\n<p>Ao deixar a sala para dar in\u00edcio \u00e0 sess\u00e3o de sabatina, Messias apenas proferiu a express\u00e3o &#8220;Gl\u00f3ria a Deus&#8221;, evitando responder perguntas da imprensa. Segundo relatos de aliados que acompanharam o ministro no espa\u00e7o reservado, ele apresentava postura serena e demonstrava confian\u00e7a com a perspectiva de resultado positivo na sabatina.<\/p>\n<p>O encontro privado reflete a estrat\u00e9gia de mobiliza\u00e7\u00e3o de apoio pol\u00edtico, religioso e institucional em torno da candidatura de Messias ao Supremo Tribunal Federal, evidenciando a import\u00e2ncia que figuras-chave do governo e da sociedade atribuem \u00e0 sua poss\u00edvel nomea\u00e7\u00e3o para a corte suprema.<\/p>","protected":false},"excerpt":{"rendered":"<p>Messias recebe apoio de pol\u00edticos, religiosos e aliados antes de sabatina no Senado para vaga no STF. Encontro reservado refor\u00e7a sua candidatura.<\/p>","protected":false},"author":4,"featured_media":25391,"comment_status":"open","ping_status":"open","sticky":false,"template":"","format":"standard","meta":{"_crdt_document":"","footnotes":""},"categories":[7],"tags":[],"class_list":["post-25397","post","type-post","status-publish","format-standard","has-post-thumbnail","hentry","category-politica"],"brizy_media":[],"_links":{"self":[{"href":"https:\/\/jornalcorporativo.com.br\/en\/wp-json\/wp\/v2\/posts\/25397","targetHints":{"allow":["GET"]}}],"collection":[{"href":"https:\/\/jornalcorporativo.com.br\/en\/wp-json\/wp\/v2\/posts"}],"about":[{"href":"https:\/\/jornalcorporativo.com.br\/en\/wp-json\/wp\/v2\/types\/post"}],"author":[{"embeddable":true,"href":"https:\/\/jornalcorporativo.com.br\/en\/wp-json\/wp\/v2\/users\/4"}],"replies":[{"embeddable":true,"href":"https:\/\/jornalcorporativo.com.br\/en\/wp-json\/wp\/v2\/comments?post=25397"}],"version-history":[{"count":0,"href":"https:\/\/jornalcorporativo.com.br\/en\/wp-json\/wp\/v2\/posts\/25397\/revisions"}],"wp:featuredmedia":[{"embeddable":true,"href":"https:\/\/jornalcorporativo.com.br\/en\/wp-json\/wp\/v2\/media\/25391"}],"wp:attachment":[{"href":"https:\/\/jornalcorporativo.com.br\/en\/wp-json\/wp\/v2\/media?parent=25397"}],"wp:term":[{"taxonomy":"category","embeddable":true,"href":"https:\/\/jornalcorporativo.com.br\/en\/wp-json\/wp\/v2\/categories?post=25397"},{"taxonomy":"post_tag","embeddable":true,"href":"https:\/\/jornalcorporativo.com.br\/en\/wp-json\/wp\/v2\/tags?post=25397"}],"curies":[{"name":"wp","href":"https:\/\/api.w.org\/{rel}","templated":true}]}}