{"id":25399,"date":"2026-04-29T16:00:56","date_gmt":"2026-04-29T19:00:56","guid":{"rendered":"https:\/\/jornalcorporativo.com.br\/redacao\/governo-libera-5-bilhoes-credito-exportadores-tarifas-eua\/"},"modified":"2026-04-29T16:00:56","modified_gmt":"2026-04-29T19:00:56","slug":"governo-libera-5-bilhoes-credito-exportadores-tarifas-eua","status":"publish","type":"post","link":"https:\/\/jornalcorporativo.com.br\/en\/economia\/governo-libera-5-bilhoes-credito-exportadores-tarifas-eua\/","title":{"rendered":"Governo libera R$ 5 bilh\u00f5es em cr\u00e9dito extraordin\u00e1rio para exportadores brasileiros afetados por tarifas dos EUA"},"content":{"rendered":"<h2>Amplia\u00e7\u00e3o de cr\u00e9dito para exportadores brasileiros<\/h2>\n<p>O governo federal anunciou a libera\u00e7\u00e3o de um <strong>cr\u00e9dito extraordin\u00e1rio de R$ 5 bilh\u00f5es<\/strong> destinado a ampliar o financiamento de exportadores brasileiros. A decis\u00e3o foi formalizada por meio de medida provis\u00f3ria assinada pelo presidente Luiz In\u00e1cio Lula da Silva e publicada no Di\u00e1rio Oficial da Uni\u00e3o, representando mais um passo no esfor\u00e7o de prote\u00e7\u00e3o ao setor exportador nacional.<\/p>\n<p>A medida beneficia pessoas f\u00edsicas e jur\u00eddicas que atuam na exporta\u00e7\u00e3o de bens e servi\u00e7os, incluindo seus fornecedores, desde que estejam vinculados ao <strong>Plano Brasil Soberano<\/strong>. Este programa governamental foi especialmente estruturado para estimular as exporta\u00e7\u00f5es e sustentar empresas com atua\u00e7\u00e3o internacional em um contexto de desafios comerciais globais.<\/p>\n<h2>Funcionamento do Fundo de Garantia \u00e0 Exporta\u00e7\u00e3o<\/h2>\n<p>Os recursos aprovados ser\u00e3o canalizados aos Encargos Financeiros da Uni\u00e3o, integrando o <strong>Fundo de Garantia \u00e0 Exporta\u00e7\u00e3o (FGE)<\/strong>. Este instrumento funciona como mecanismo de suporte para opera\u00e7\u00f5es de cr\u00e9dito destinadas ao com\u00e9rcio exterior. Na pr\u00e1tica, o cr\u00e9dito extraordin\u00e1rio fortalece a capacidade do fundo que oferece garantias para financiamentos concedidos por institui\u00e7\u00f5es banc\u00e1rias, expandindo significativamente o alcance das opera\u00e7\u00f5es voltadas ao setor exportador nacional.<\/p>\n<h3>Hist\u00f3rico de investimentos do governo<\/h3>\n<p>Esta n\u00e3o \u00e9 a primeira a\u00e7\u00e3o do governo para proteger exportadores. Em etapa anterior, o governo federal j\u00e1 havia aprovado <strong>mais de R$ 16 bilh\u00f5es em cr\u00e9dito direcionado<\/strong> a empresas afetadas pelas medidas tarif\u00e1rias impostas pelos Estados Unidos. Posteriormente, uma segunda medida provis\u00f3ria ampliou em at\u00e9 R$ 15 bilh\u00f5es o volume total de recursos dispon\u00edveis no programa, demonstrando o compromisso com a continuidade do apoio.<\/p>\n<p>A amplia\u00e7\u00e3o progressiva dos recursos veio acompanhada da defini\u00e7\u00e3o de <strong>crit\u00e9rios de acesso espec\u00edficos<\/strong>, com prioridade para setores considerados estrat\u00e9gicos, empresas com maior intensidade tecnol\u00f3gica, e aquelas impactadas por mudan\u00e7as no cen\u00e1rio internacional. Esta abordagem segmentada busca maximizar o impacto dos investimentos p\u00fablicos.<\/p>\n<h2>O Plano Brasil Soberano em contexto<\/h2>\n<p>O Plano Brasil Soberano foi lan\u00e7ado em 2025 como resposta direta \u00e0 eleva\u00e7\u00e3o das tarifas de importa\u00e7\u00e3o impostas pelos Estados Unidos sobre produtos brasileiros, com alguns casos chegando a <strong>50% de aumento<\/strong>. A medida americana impactou especialmente setores industriais com forte presen\u00e7a no com\u00e9rcio exterior, levando o governo a estruturar um pacote abrangente de apoio para preservar a competitividade das empresas e evitar perdas significativas de empregos.<\/p>\n<h3>Evolu\u00e7\u00e3o e adapta\u00e7\u00e3o do plano<\/h3>\n<p>Desde seu lan\u00e7amento, o programa vem sendo ampliado em diferentes etapas, refletindo a evolu\u00e7\u00e3o dos desafios enfrentados pela economia brasileira. A estrat\u00e9gia combina cr\u00e9dito, garantias e medidas tribut\u00e1rias para sustentar exportadores e suas cadeias produtivas, com destaque especial para pequenas e m\u00e9dias empresas e setores considerados estrat\u00e9gicos para o desenvolvimento econ\u00f4mico nacional.<\/p>\n<p>Recentemente, o plano foi atualizado para incorporar <strong>novos fatores de press\u00e3o internacional<\/strong>, incluindo a instabilidade geopol\u00edtica e conflitos no Oriente M\u00e9dio. Estes eventos t\u00eam afetado significativamente as cadeias globais de produ\u00e7\u00e3o e o acesso a insumos essenciais. Diante deste cen\u00e1rio complexo, o governo ampliou o volume de recursos dispon\u00edveis e manteve o foco estrat\u00e9gico em empresas impactadas tanto por barreiras comerciais quanto por choques externos.<\/p>\n<h2>Vig\u00eancia e aprova\u00e7\u00e3o legislativa<\/h2>\n<p>Embora a medida provis\u00f3ria j\u00e1 esteja em vigor e produza efeitos imediatos, ela precisa ser aprovada pelo Congresso Nacional em at\u00e9 60 dias, prorrog\u00e1veis por mais 60 dias. Caso contr\u00e1rio, a medida perde validade. Este procedimento \u00e9 padr\u00e3o para medidas provisivas no sistema pol\u00edtico brasileiro, garantindo que o Poder Legislativo mantenha sua prerrogativa de aprova\u00e7\u00e3o de despesas p\u00fablicas extraordin\u00e1rias.<\/p>","protected":false},"excerpt":{"rendered":"<p>Governo libera R$ 5 bilh\u00f5es em cr\u00e9dito extraordin\u00e1rio para exportadores afetados por tarifas dos EUA e conflitos no Oriente M\u00e9dio.<\/p>","protected":false},"author":4,"featured_media":25392,"comment_status":"open","ping_status":"open","sticky":false,"template":"","format":"standard","meta":{"_crdt_document":"","footnotes":""},"categories":[4],"tags":[],"class_list":["post-25399","post","type-post","status-publish","format-standard","has-post-thumbnail","hentry","category-economia"],"brizy_media":[],"_links":{"self":[{"href":"https:\/\/jornalcorporativo.com.br\/en\/wp-json\/wp\/v2\/posts\/25399","targetHints":{"allow":["GET"]}}],"collection":[{"href":"https:\/\/jornalcorporativo.com.br\/en\/wp-json\/wp\/v2\/posts"}],"about":[{"href":"https:\/\/jornalcorporativo.com.br\/en\/wp-json\/wp\/v2\/types\/post"}],"author":[{"embeddable":true,"href":"https:\/\/jornalcorporativo.com.br\/en\/wp-json\/wp\/v2\/users\/4"}],"replies":[{"embeddable":true,"href":"https:\/\/jornalcorporativo.com.br\/en\/wp-json\/wp\/v2\/comments?post=25399"}],"version-history":[{"count":0,"href":"https:\/\/jornalcorporativo.com.br\/en\/wp-json\/wp\/v2\/posts\/25399\/revisions"}],"wp:featuredmedia":[{"embeddable":true,"href":"https:\/\/jornalcorporativo.com.br\/en\/wp-json\/wp\/v2\/media\/25392"}],"wp:attachment":[{"href":"https:\/\/jornalcorporativo.com.br\/en\/wp-json\/wp\/v2\/media?parent=25399"}],"wp:term":[{"taxonomy":"category","embeddable":true,"href":"https:\/\/jornalcorporativo.com.br\/en\/wp-json\/wp\/v2\/categories?post=25399"},{"taxonomy":"post_tag","embeddable":true,"href":"https:\/\/jornalcorporativo.com.br\/en\/wp-json\/wp\/v2\/tags?post=25399"}],"curies":[{"name":"wp","href":"https:\/\/api.w.org\/{rel}","templated":true}]}}