{"id":25404,"date":"2026-04-29T20:00:44","date_gmt":"2026-04-29T23:00:44","guid":{"rendered":"https:\/\/jornalcorporativo.com.br\/redacao\/luca-zidane-recuperacao-fratura-rosto-copa-2026\/"},"modified":"2026-04-29T20:00:44","modified_gmt":"2026-04-29T23:00:44","slug":"luca-zidane-recuperacao-fratura-rosto-copa-2026","status":"publish","type":"post","link":"https:\/\/jornalcorporativo.com.br\/en\/esportes\/luca-zidane-recuperacao-fratura-rosto-copa-2026\/","title":{"rendered":"Luca Zidane se recupera de fratura no rosto e tranquiliza torcedores antes da Copa 2026"},"content":{"rendered":"<p>O goleiro Luca Zidane, filho do lend\u00e1rio ex-meia franc\u00eas Zinedine Zidane, utilizou as redes sociais para tranquilizar os torcedores sobre seu estado de sa\u00fade ap\u00f3s sofrer uma les\u00e3o facial durante partida pelo Granada contra o Almer\u00eda, clube da segunda divis\u00e3o da Liga Espanhola. A les\u00e3o resultou em uma fratura na mand\u00edbula e no queixo, que demandou interven\u00e7\u00e3o cir\u00fargica.<\/p>\n<p>Em comunicado publicado em franc\u00eas e espanhol, acompanhado de uma foto do atleta em leito hospitalar fazendo um gesto de positivo, Luca manifestou otimismo sobre sua recupera\u00e7\u00e3o. &#8220;A opera\u00e7\u00e3o correu muito bem. Foi mais um susto do que algo s\u00e9rio. Voltarei a campo muito em breve. Obrigado a todos pelas mensagens de apoio&#8221;, escreveu o jogador, tranquilizando seus seguidores e a torcida argelina.<\/p>\n<h2>Impacto na Copa do Mundo de 2026<\/h2>\n<p>Como goleiro da sele\u00e7\u00e3o da Arg\u00e9lia, Luca Zidane deve permanecer afastado das atividades nos primeiros jogos da equipe africana na Copa do Mundo de 2026. O torneio ser\u00e1 realizado conjuntamente no M\u00e9xico, Estados Unidos e Canad\u00e1, marcando um retorno importante para o atleta ap\u00f3s sua recupera\u00e7\u00e3o cir\u00fargica.<\/p>\n<p>A sele\u00e7\u00e3o argelina est\u00e1 inserida no Grupo J, ao lado de Argentina (atual campe\u00e3 mundial), \u00c1ustria e Jord\u00e2nia. O primeiro compromisso da Arg\u00e9lia est\u00e1 marcado para 16 de junho, quando enfrentar\u00e1 a Argentina \u00e0s 22h. Embora as les\u00f5es de mand\u00edbula e queixo possam parecer preocupantes, a recupera\u00e7\u00e3o positiva relatada por Luca sugere que ele poder\u00e1 participar dos est\u00e1gios posteriores do torneio.<\/p>\n<h2>Hist\u00f3rico M\u00e9dico e Decis\u00e3o de Tratamento<\/h2>\n<p>Segundo informa\u00e7\u00f5es do Granada, os exames m\u00e9dicos realizados ap\u00f3s a concuss\u00e3o sofrida no jogo contra o UD Almer\u00eda revelaram a extens\u00e3o das fraturas. O clube afirmou que, at\u00e9 a \u00faltima ter\u00e7a-feira (28), estava definindo o plano de tratamento em conjunto com a equipe m\u00e9dica e com a participa\u00e7\u00e3o ativa do pr\u00f3prio jogador na tomada de decis\u00e3o.<\/p>\n<p>&#8220;Os exames m\u00e9dicos realizados em Luca Zidane, ap\u00f3s a concuss\u00e3o sofrida na \u00faltima partida contra o UD Almer\u00eda, revelaram que o jogador tamb\u00e9m sofreu uma fratura na mand\u00edbula e no queixo. O jogador, juntamente com a equipe m\u00e9dica do clube, definir\u00e1 o plano de tratamento nas pr\u00f3ximas horas&#8221;, informou o comunicado oficial.<\/p>\n<h3>Decis\u00e3o pela Cirurgia<\/h3>\n<p>A op\u00e7\u00e3o pela interven\u00e7\u00e3o cir\u00fargica foi tomada conjuntamente entre o atleta e os m\u00e9dicos, representando uma abordagem proativa para garantir a melhor recupera\u00e7\u00e3o poss\u00edvel. Apesar de nem o Granada nem a sele\u00e7\u00e3o argelina terem divulgado um prazo exato de afastamento, a postura positiva do goleiro sugere um bom progn\u00f3stico para seu retorno.<\/p>\n<h2>Contexto Familiar e Futuro<\/h2>\n<p>Luca Zidane \u00e9 um dos quatro filhos de Zinedine Zidane, todos envolvidos profissionalmente com o futebol. Embora tenha nascido na Fran\u00e7a, o lend\u00e1rio ex-jogador possui ascend\u00eancia argelina, o que justifica a escolha de Luca em representar a sele\u00e7\u00e3o da Arg\u00e9lia. Zinedine Zidane encontra-se fora do comando de uma sele\u00e7\u00e3o nacional, mas h\u00e1 expectativas de que ele assuma a sele\u00e7\u00e3o francesa ap\u00f3s a Copa do Mundo de 2026, encerrando um ciclo de 14 anos sob o comando de <strong>Didier Deschamps<\/strong>, que \u00e9 atualmente o treinador que mais tempo ficou no comando da equipe francesa.<\/p>\n<p>A r\u00e1pida recupera\u00e7\u00e3o de Luca e seu otimismo refletem n\u00e3o apenas sua determina\u00e7\u00e3o pessoal, mas tamb\u00e9m a qualidade dos cuidados m\u00e9dicos dispon\u00edveis ao atleta. Sua volta aos gramados ser\u00e1 crucial tanto para o Granada, clube que defende atualmente, quanto para as aspira\u00e7\u00f5es da sele\u00e7\u00e3o argelina na Copa do Mundo de 2026.<\/p>","protected":false},"excerpt":{"rendered":"<p>Luca Zidane, goleiro da Arg\u00e9lia, se recupera bem de fratura no rosto e tranquiliza torcedores antes da Copa 2026<\/p>","protected":false},"author":4,"featured_media":25401,"comment_status":"open","ping_status":"open","sticky":false,"template":"","format":"standard","meta":{"_crdt_document":"","footnotes":""},"categories":[6],"tags":[],"class_list":["post-25404","post","type-post","status-publish","format-standard","has-post-thumbnail","hentry","category-esportes"],"brizy_media":[],"_links":{"self":[{"href":"https:\/\/jornalcorporativo.com.br\/en\/wp-json\/wp\/v2\/posts\/25404","targetHints":{"allow":["GET"]}}],"collection":[{"href":"https:\/\/jornalcorporativo.com.br\/en\/wp-json\/wp\/v2\/posts"}],"about":[{"href":"https:\/\/jornalcorporativo.com.br\/en\/wp-json\/wp\/v2\/types\/post"}],"author":[{"embeddable":true,"href":"https:\/\/jornalcorporativo.com.br\/en\/wp-json\/wp\/v2\/users\/4"}],"replies":[{"embeddable":true,"href":"https:\/\/jornalcorporativo.com.br\/en\/wp-json\/wp\/v2\/comments?post=25404"}],"version-history":[{"count":0,"href":"https:\/\/jornalcorporativo.com.br\/en\/wp-json\/wp\/v2\/posts\/25404\/revisions"}],"wp:featuredmedia":[{"embeddable":true,"href":"https:\/\/jornalcorporativo.com.br\/en\/wp-json\/wp\/v2\/media\/25401"}],"wp:attachment":[{"href":"https:\/\/jornalcorporativo.com.br\/en\/wp-json\/wp\/v2\/media?parent=25404"}],"wp:term":[{"taxonomy":"category","embeddable":true,"href":"https:\/\/jornalcorporativo.com.br\/en\/wp-json\/wp\/v2\/categories?post=25404"},{"taxonomy":"post_tag","embeddable":true,"href":"https:\/\/jornalcorporativo.com.br\/en\/wp-json\/wp\/v2\/tags?post=25404"}],"curies":[{"name":"wp","href":"https:\/\/api.w.org\/{rel}","templated":true}]}}