{"id":25406,"date":"2026-04-29T20:00:44","date_gmt":"2026-04-29T23:00:44","guid":{"rendered":"https:\/\/jornalcorporativo.com.br\/redacao\/buraco-do-lume-pedido-tombamento-alerj\/"},"modified":"2026-04-29T20:00:44","modified_gmt":"2026-04-29T23:00:44","slug":"buraco-do-lume-pedido-tombamento-alerj","status":"publish","type":"post","link":"https:\/\/jornalcorporativo.com.br\/en\/brasil\/buraco-do-lume-pedido-tombamento-alerj\/","title":{"rendered":"Deputada estadual pede tombamento do Buraco do Lume para preservar patrim\u00f4nio hist\u00f3rico do Rio"},"content":{"rendered":"<h2>Projeto de lei busca proteger espa\u00e7o de relev\u00e2ncia cultural e pol\u00edtica<\/h2>\n<p>A deputada estadual Renata Souza, do PSOL, apresentou na Assembleia Legislativa do Rio de Janeiro (Alerj) um projeto de lei solicitando o tombamento da \u00e1rea conhecida como Buraco do Lume, localizada no bairro do Castelo, no Centro do Rio de Janeiro. A iniciativa surge em contexto de pol\u00eamica envolvendo a constru\u00e7\u00e3o de um edif\u00edcio residencial de 20 andares no local, gerando mobiliza\u00e7\u00e3o de setores progressistas da cidade.<\/p>\n<p>De acordo com a justificativa do projeto apresentado pela deputada, o espa\u00e7o \u2014 oficialmente denominado Pra\u00e7a M\u00e1rio Lago \u2014 configura-se como um dos <strong>logradouros de maior relev\u00e2ncia hist\u00f3rica, cultural e simb\u00f3lica<\/strong> do Centro carioca. A proposta determina que o tombamento permitiria apenas a instala\u00e7\u00e3o de equipamentos destinados a atividades culturais, vedando qualquer outra destina\u00e7\u00e3o para o terreno.<\/p>\n<h2>Conex\u00e3o com as origens da cidade<\/h2>\n<p>O Buraco do Lume representa um <strong>elo material fundamental com as origens coloniais<\/strong> do Rio de Janeiro e com a pr\u00f3pria funda\u00e7\u00e3o do pa\u00eds. O terreno constitui um remanescente territorial do arrasamento do Morro do Castelo, considerado o ber\u00e7o da cidade. Este morro foi demolido no in\u00edcio da d\u00e9cada de 1920, durante um per\u00edodo de transforma\u00e7\u00f5es urbanas intensas na capital fluminense.<\/p>\n<p>Incorporado ao patrim\u00f4nio do Banco do Estado da Guanabara durante os anos 1960, o terreno foi posteriormente vendido ao grupo econ\u00f4mico Lume. A empresa planejava construir sua sede no local, mas a obra nunca avan\u00e7ou al\u00e9m das escava\u00e7\u00f5es iniciais. Este fato originou o grande buraco que posteriormente deu nome ao espa\u00e7o, tornando-se um marco visual e simb\u00f3lico na regi\u00e3o central da cidade.<\/p>\n<h2>Import\u00e2ncia como espa\u00e7o democr\u00e1tico<\/h2>\n<p>Ao longo das d\u00e9cadas, o Buraco do Lume consolidou-se como <strong>espa\u00e7o de relev\u00e2ncia pol\u00edtica e cultural<\/strong> na cidade do Rio de Janeiro. O local tornou-se palco de manifesta\u00e7\u00f5es p\u00fablicas e express\u00e3o da cidadania, caracter\u00edsticas que, conforme destaca a justificativa do projeto de lei, refor\u00e7am significativamente a necessidade de sua preserva\u00e7\u00e3o como s\u00edmbolo vivo da vida democr\u00e1tica carioca.<\/p>\n<h2>Conflito com projeto imobili\u00e1rio<\/h2>\n<p>Apesar da import\u00e2ncia hist\u00f3rica e cultural do espa\u00e7o, encontra-se em curso um projeto de constru\u00e7\u00e3o de um edif\u00edcio residencial de grande porte no terreno. A iniciativa \u00e9 da construtora Patrimar e integra o programa Reviver Centro, iniciativa de revitaliza\u00e7\u00e3o urbana do Centro do Rio. O projeto prev\u00ea a edifica\u00e7\u00e3o de 20 andares com 624 apartamentos, sem oferecimento de vagas de garagem, al\u00e9m de quatro lojas comerciais no pavimento t\u00e9rreo.<\/p>\n<p>A comercializa\u00e7\u00e3o das unidades imobili\u00e1rias, que variam entre est\u00fadios e im\u00f3veis de at\u00e9 dois quartos, estava prevista para iniciar at\u00e9 junho. O terreno foi cercado na semana anterior \u00e0 apresenta\u00e7\u00e3o do projeto de tombamento, medida que provocou rea\u00e7\u00f5es de setores da esquerda carioca e da sociedade civil interessada na preserva\u00e7\u00e3o patrimonial da regi\u00e3o central.<\/p>\n<p>A apresenta\u00e7\u00e3o do projeto de lei na Alerj marca um ponto de inflex\u00e3o no debate sobre o futuro do Buraco do Lume, colocando em confronto duas vis\u00f5es: a preserva\u00e7\u00e3o do patrim\u00f4nio hist\u00f3rico-cultural e as press\u00f5es do desenvolvimento imobili\u00e1rio urbano.<\/p>","protected":false},"excerpt":{"rendered":"<p>Deputada pede tombamento do Buraco do Lume no Rio. Projeto busca proteger patrim\u00f4nio hist\u00f3rico e cultural contra constru\u00e7\u00e3o imobili\u00e1ria de 20 andares.<\/p>","protected":false},"author":4,"featured_media":25403,"comment_status":"open","ping_status":"open","sticky":false,"template":"","format":"standard","meta":{"_crdt_document":"","footnotes":""},"categories":[36],"tags":[],"class_list":["post-25406","post","type-post","status-publish","format-standard","has-post-thumbnail","hentry","category-brasil"],"brizy_media":[],"_links":{"self":[{"href":"https:\/\/jornalcorporativo.com.br\/en\/wp-json\/wp\/v2\/posts\/25406","targetHints":{"allow":["GET"]}}],"collection":[{"href":"https:\/\/jornalcorporativo.com.br\/en\/wp-json\/wp\/v2\/posts"}],"about":[{"href":"https:\/\/jornalcorporativo.com.br\/en\/wp-json\/wp\/v2\/types\/post"}],"author":[{"embeddable":true,"href":"https:\/\/jornalcorporativo.com.br\/en\/wp-json\/wp\/v2\/users\/4"}],"replies":[{"embeddable":true,"href":"https:\/\/jornalcorporativo.com.br\/en\/wp-json\/wp\/v2\/comments?post=25406"}],"version-history":[{"count":0,"href":"https:\/\/jornalcorporativo.com.br\/en\/wp-json\/wp\/v2\/posts\/25406\/revisions"}],"wp:featuredmedia":[{"embeddable":true,"href":"https:\/\/jornalcorporativo.com.br\/en\/wp-json\/wp\/v2\/media\/25403"}],"wp:attachment":[{"href":"https:\/\/jornalcorporativo.com.br\/en\/wp-json\/wp\/v2\/media?parent=25406"}],"wp:term":[{"taxonomy":"category","embeddable":true,"href":"https:\/\/jornalcorporativo.com.br\/en\/wp-json\/wp\/v2\/categories?post=25406"},{"taxonomy":"post_tag","embeddable":true,"href":"https:\/\/jornalcorporativo.com.br\/en\/wp-json\/wp\/v2\/tags?post=25406"}],"curies":[{"name":"wp","href":"https:\/\/api.w.org\/{rel}","templated":true}]}}