{"id":25419,"date":"2026-04-30T08:01:18","date_gmt":"2026-04-30T11:01:18","guid":{"rendered":"https:\/\/jornalcorporativo.com.br\/redacao\/diabo-veste-prada-2-nostalgia-atualizacao-20-anos\/"},"modified":"2026-04-30T08:01:18","modified_gmt":"2026-04-30T11:01:18","slug":"diabo-veste-prada-2-nostalgia-atualizacao-20-anos","status":"publish","type":"post","link":"https:\/\/jornalcorporativo.com.br\/en\/noticias\/diabo-veste-prada-2-nostalgia-atualizacao-20-anos\/","title":{"rendered":"O Diabo Veste Prada 2: Nostalgia e Atualiza\u00e7\u00e3o em Sequ\u00eancia de Sucesso 20 Anos Depois"},"content":{"rendered":"<h2>A Evolu\u00e7\u00e3o do Cl\u00e1ssico de Moda em Duas D\u00e9cadas<\/h2>\n<p>Duas d\u00e9cadas separam o lan\u00e7amento do ic\u00f4nico filme &#8220;O Diabo Veste Prada&#8221; de sua aguardada continua\u00e7\u00e3o, um intervalo que marcou transforma\u00e7\u00f5es profundas no mundo da moda, tecnologia e sociedade. Em 2006, quando o primeiro longa chegou aos cinemas, o contexto global era radicalmente diferente: o Brasil enfrentava a Copa do Mundo na Alemanha com seu quarteto m\u00e1gico de Ronaldo, Ronaldinho Ga\u00facho, Adriano e Kak\u00e1; o iPhone ainda n\u00e3o havia revolucionado a tecnologia m\u00f3vel; e as redes sociais se limitavam ao Orkut e aos primeiros passos do Facebook. Naquela \u00e9poca, &#8220;O Diabo Veste Prada&#8221; foi inicialmente categorizado como &#8220;filme para meninas&#8221;, numa era anterior ao reconhecimento da ind\u00fastria cinematogr\u00e1fica sobre o poder do p\u00fablico feminino nos cinemas.<\/p>\n<h2>Um Fen\u00f4meno de Bilheteria Inesperado<\/h2>\n<p>Baseado no best-seller hom\u00f4nimo de Lauren Weisberger, que por sua vez foi inspirado nas experi\u00eancias da autora como assistente de Anna Wintour na revista Vogue, o filme original conquistou n\u00fameros impressionantes. Com um or\u00e7amento modesto de apenas 35 milh\u00f5es de d\u00f3lares, a produ\u00e7\u00e3o faturou 326 milh\u00f5es de d\u00f3lares nos cinemas mundiais, uma cifra extraordin\u00e1ria para uma com\u00e9dia dram\u00e1tica. O reconhecimento veio com duas indica\u00e7\u00f5es ao Oscar, incluindo melhor atriz para Meryl Streep, que criou uma das vil\u00e3s mais ic\u00f4nicas e fascinantes da hist\u00f3ria do cinema: Miranda Priestly.<\/p>\n<h2>A Sequ\u00eancia de Or\u00e7amento Espetacular<\/h2>\n<p>A diferen\u00e7a de investimento entre os filmes ilustra a mudan\u00e7a de percep\u00e7\u00e3o sobre produ\u00e7\u00f5es estreladas por mulheres. Enquanto o original custou 35 milh\u00f5es de d\u00f3lares, a continua\u00e7\u00e3o recebeu um or\u00e7amento aproximadamente quatro vezes maior, em torno de 150 milh\u00f5es de d\u00f3lares. Meryl Streep comentou sobre essa transforma\u00e7\u00e3o em entrevista ao Late Show com Stephen Colbert: &#8220;H\u00e1 20 anos, o filme foi caracterizado como &#8216;filme para meninas&#8217;. Tivemos que brigar pelo nosso or\u00e7amento. Mas agora, querido, eles gastaram dinheiro&#8221;. Esta mudan\u00e7a reflete a evolu\u00e7\u00e3o da ind\u00fastria cinematogr\u00e1fica e seu reconhecimento tardio sobre o potencial financeiro de hist\u00f3rias centradas em personagens femininos.<\/p>\n<h2>A Narrativa Atualizada para Tempos Modernos<\/h2>\n<p>&#8220;O Diabo Veste Prada 2&#8221; acompanha Andy Sachs, a personagem interpretada por Anne Hathaway, agora como uma jornalista premiada enfrentando dificuldades em sua carreira. Ao aceitar retornar \u00e0 revista Runway sob o comando da temida Miranda Priestly, Andy se depara com uma realidade completamente transformada. A publica\u00e7\u00e3o e sua chefe precisam se adaptar aos novos tempos: a crise da m\u00eddia impressa, a ascens\u00e3o das redes sociais, e ambientes profissionais com menos toler\u00e2ncia para comportamentos t\u00f3xicos que antes eram naturalizados.<\/p>\n<h3>Mudan\u00e7as Estruturais da Ind\u00fastria da Moda<\/h3>\n<p>Segundo Paula Acioli, pesquisadora e analista de moda, as duas d\u00e9cadas que separam os filmes representam uma transforma\u00e7\u00e3o quase secular na ind\u00fastria da moda. No filme de 2006, os personagens e figurinos, repletos de c\u00f3digos de luxo exclusivos e excludentes, traduziam perfeitamente o esp\u00edrito da \u00e9poca: uma l\u00f3gica que ditava regras, anulava debates, impunha padr\u00f5es, afastava a diversidade e incentivava o consumo desenfreado. A continua\u00e7\u00e3o chega em um momento hist\u00f3rico radicalmente diferente, onde as regras s\u00e3o question\u00e1veis, o debate \u00e9 inevit\u00e1vel, e a sustentabilidade tornou-se mandat\u00f3ria na ind\u00fastria.<\/p>\n<h2>Glamour, Looks Impec\u00e1veis e Humor Afiado<\/h2>\n<p>A presentadora Renata Boldrini, do Telecine, ressalta que a continua\u00e7\u00e3o acertou em cheio ao preservar a ess\u00eancia que conquistou o p\u00fablico original: o glamour incompar\u00e1vel, os looks impec\u00e1veis que definem tend\u00eancias, e o humor afiado que permeia cada cena. O novo filme mant\u00e9m a identidade que encantou espectadores globais, oferecendo justamente o reencontro que o p\u00fablico desejava, com uma propor\u00e7\u00e3o equilibrada entre nostalgia e atualiza\u00e7\u00e3o.<\/p>\n<p>A turn\u00ea global de divulga\u00e7\u00e3o da sequ\u00eancia passou por Cidade do M\u00e9xico, T\u00f3quio, Seul, Xangai, Nova York e Londres, culminando em uma luxuosa premi\u00e8re de gala no Rio de Janeiro. O evento contou com um tapete vermelho de aproximadamente 300 metros, cruzando a Pra\u00e7a da Cinel\u00e2ndia do Theatro Municipal ao Cine Odeon, evidenciando a transforma\u00e7\u00e3o do longa de pequena joia para blockbuster internacional. A pr\u00f3pria Anna Wintour, que inspirou o personagem de Miranda Priestly, participou da campanha de divulga\u00e7\u00e3o, um reconhecimento surpreendente considerando que a autora originalmente documentava suas experi\u00eancias negativas com a editora da Vogue.<\/p>\n<h2>Um Raro Exemplar de Cinema Contempor\u00e2neo<\/h2>\n<p>&#8220;O Diabo Veste Prada 2&#8221; representa um fen\u00f4meno raro na Hollywood contempor\u00e2nea: uma sequ\u00eancia de qualidade elevada de um filme que j\u00e1 era considerado uma obra completa. A continua\u00e7\u00e3o n\u00e3o apenas satisfaz a nostalgia dos f\u00e3s, mas tamb\u00e9m oferece uma reflex\u00e3o perspicaz sobre como a moda, a m\u00eddia e as rela\u00e7\u00f5es profissionais evolu\u00edram. O poder migrou do impresso para o digital, as redes sociais transformaram a forma como consumimos moda, e a ind\u00fastria enfim reconhece a necessidade de sustentabilidade e inclus\u00e3o.<\/p>","protected":false},"excerpt":{"rendered":"<p>O Diabo Veste Prada 2 une nostalgia e atualiza\u00e7\u00e3o 20 anos ap\u00f3s o original. Glamour, humor afiado e reflex\u00e3o sobre mudan\u00e7as na ind\u00fastria da moda.<\/p>","protected":false},"author":4,"featured_media":25417,"comment_status":"open","ping_status":"open","sticky":false,"template":"","format":"standard","meta":{"_crdt_document":"","footnotes":""},"categories":[269],"tags":[],"class_list":["post-25419","post","type-post","status-publish","format-standard","has-post-thumbnail","hentry","category-noticias"],"brizy_media":[],"_links":{"self":[{"href":"https:\/\/jornalcorporativo.com.br\/en\/wp-json\/wp\/v2\/posts\/25419","targetHints":{"allow":["GET"]}}],"collection":[{"href":"https:\/\/jornalcorporativo.com.br\/en\/wp-json\/wp\/v2\/posts"}],"about":[{"href":"https:\/\/jornalcorporativo.com.br\/en\/wp-json\/wp\/v2\/types\/post"}],"author":[{"embeddable":true,"href":"https:\/\/jornalcorporativo.com.br\/en\/wp-json\/wp\/v2\/users\/4"}],"replies":[{"embeddable":true,"href":"https:\/\/jornalcorporativo.com.br\/en\/wp-json\/wp\/v2\/comments?post=25419"}],"version-history":[{"count":0,"href":"https:\/\/jornalcorporativo.com.br\/en\/wp-json\/wp\/v2\/posts\/25419\/revisions"}],"wp:featuredmedia":[{"embeddable":true,"href":"https:\/\/jornalcorporativo.com.br\/en\/wp-json\/wp\/v2\/media\/25417"}],"wp:attachment":[{"href":"https:\/\/jornalcorporativo.com.br\/en\/wp-json\/wp\/v2\/media?parent=25419"}],"wp:term":[{"taxonomy":"category","embeddable":true,"href":"https:\/\/jornalcorporativo.com.br\/en\/wp-json\/wp\/v2\/categories?post=25419"},{"taxonomy":"post_tag","embeddable":true,"href":"https:\/\/jornalcorporativo.com.br\/en\/wp-json\/wp\/v2\/tags?post=25419"}],"curies":[{"name":"wp","href":"https:\/\/api.w.org\/{rel}","templated":true}]}}