{"id":25421,"date":"2026-04-30T08:01:18","date_gmt":"2026-04-30T11:01:18","guid":{"rendered":"https:\/\/jornalcorporativo.com.br\/redacao\/theatro-municipal-rio-artes-visuais-portella-frickmann\/"},"modified":"2026-04-30T08:01:18","modified_gmt":"2026-04-30T11:01:18","slug":"theatro-municipal-rio-artes-visuais-portella-frickmann","status":"publish","type":"post","link":"https:\/\/jornalcorporativo.com.br\/en\/noticias\/theatro-municipal-rio-artes-visuais-portella-frickmann\/","title":{"rendered":"Theatro Municipal do Rio abre galeria de artes visuais com obras in\u00e9ditas de Augusto Portella e Daniel Frickmann"},"content":{"rendered":"<h2>Uma nova dimens\u00e3o art\u00edstica no cora\u00e7\u00e3o do Rio de Janeiro<\/h2>\n<p>O Theatro Municipal do Rio, localizado no Centro da cidade, consolidou-se ao longo de d\u00e9cadas como um templo das artes c\u00eanicas e musicais. Desde sua funda\u00e7\u00e3o, o espa\u00e7o hist\u00f3rico recebeu as mais diversas manifesta\u00e7\u00f5es culturais, da m\u00fasica de concerto \u00e0 \u00f3pera, passando pela dan\u00e7a e pelo teatro. Agora, a institui\u00e7\u00e3o amplia seu alcance art\u00edstico ao abra\u00e7ar de forma mais constante as artes visuais contempor\u00e2neas.<\/p>\n<p>A partir de quinta-feira (30), o Theatro Municipal inaugura a exposi\u00e7\u00e3o &#8220;Pano de fundo&#8221;, um projeto ambicioso que re\u00fane 34 pinturas in\u00e9ditas de dois artistas destacados da cena contempor\u00e2nea brasileira: Augusto Portella e Daniel Frickmann. A mostra abre suas portas \u00e0s 19h, marcando um momento significativo na trajet\u00f3ria da institui\u00e7\u00e3o centen\u00e1ria.<\/p>\n<h2>Estrat\u00e9gia de integra\u00e7\u00e3o da arte contempor\u00e2nea no espa\u00e7o hist\u00f3rico<\/h2>\n<p>A proposta de abrir espa\u00e7o para as artes visuais partiu da lideran\u00e7a do Theatro Municipal, atrav\u00e9s de sua presidente Clara Paulino e vice-presidente Maria Thereza Fortes. A iniciativa busca trazer criadores da arte contempor\u00e2nea para estabelecer um di\u00e1logo enriquecedor entre suas obras e os aspectos arquitet\u00f4nicos e hist\u00f3ricos do pr\u00e9dio ic\u00f4nico.<\/p>\n<p>As obras estar\u00e3o dispostas estrategicamente no segundo e terceiro andares, ocupando as paredes das galerias e do balc\u00e3o nobre. Dessa forma, os visitantes poder\u00e3o desfrutar das pinturas n\u00e3o apenas em visitas especiais organizadas pelos pr\u00f3prios artistas e pelo setor educativo, mas tamb\u00e9m durante a aprecia\u00e7\u00e3o dos espet\u00e1culos regulares e das visitas guiadas tradicionais.<\/p>\n<h2>Augusto Portella: di\u00e1logos entre pintura e literatura cl\u00e1ssica<\/h2>\n<p>Augusto Portella apresenta uma s\u00e9rie de 16 telas executadas em linho cru, obra que estabelece um di\u00e1logo provocativo com a pe\u00e7a &#8220;Woyzeck&#8221;, do dramaturgo austr\u00edaco Georg Buchner, publicada em 1879, e com a \u00f3pera &#8220;Wozzeck&#8221; (1925), de Alban Berg. A caracter\u00edstica inovadora dessas pinturas est\u00e1 em serem exibidas pelo verso, revelando uma imagem mais esmaecida e menos controlada pelas pinceladas do artista.<\/p>\n<p>Portella explica sua metodologia art\u00edstica: &#8220;\u00c9 um jeito com que tenho pintado desde o ano passado. Como o p\u00fablico v\u00ea pelo verso, fica uma imagem mais esmaecida, sem tanto contraste da m\u00e3o. \u00c9 literalmente um pano do fundo&#8221;. Entre suas obras, destaca-se uma tela que homenageia seu pai, Nelson Portella, renomado bar\u00edtono aos 84 anos, imaginando o personagem Wozzeck em sua velhice. O artista revela a carga emocional dessa participa\u00e7\u00e3o: &#8220;Para mim \u00e9 uma camada extra de emo\u00e7\u00e3o fazer essa exposi\u00e7\u00e3o aqui&#8221;.<\/p>\n<h2>Daniel Frickmann: sagrado e popular em conversa<\/h2>\n<p>Daniel Frickmann contribui com 18 pinturas criadas a partir de fotografias de esculturas de resina representando santos e entidades das tradi\u00e7\u00f5es afro-brasileiras, como S\u00e3o Jorge, Nossa Senhora Aparecida, Z\u00e9 Pilintra e Iemanj\u00e1. Al\u00e9m dessas figuras sagradas, o artista incorpora imagens dos bate-bolas, personagens carnavalescos cujo concurso anual acontece na Cinel\u00e2ndia, pr\u00f3ximo ao Theatro Municipal.<\/p>\n<p>Frickmann articula sua proposta: &#8220;Para mim, s\u00e3o express\u00f5es t\u00e3o elevadas quanto a arte institucional, acad\u00eamica, e que trago para que possam coexistir nesse espa\u00e7o&#8221;. Sua abordagem complementa a de Portella, trazendo para as paredes do Municipal express\u00f5es culturais enraizadas na Lapa e no Centro do Rio, representando a riqueza visual da cidade que cerca o monumento hist\u00f3rico.<\/p>\n<h2>Curadora e impacto na experi\u00eancia cultural<\/h2>\n<p><strong>Carollina Carreteiro<\/strong>, curadora da exposi\u00e7\u00e3o, destaca a relev\u00e2ncia dessa integra\u00e7\u00e3o: &#8220;\u00c9 uma forma de tensionar passado e presente, trazer uma produ\u00e7\u00e3o in\u00e9dita a um espa\u00e7o t\u00e3o conhecido do p\u00fablico. Poder ter essa plataforma para ampliar o acesso \u00e0 arte s\u00f3 agrega \u00e0 experi\u00eancia&#8221;. A exposi\u00e7\u00e3o representa uma oportunidade \u00fanica para espectadores que visitam o Municipal para assistir a espet\u00e1culos deparem-se inesperadamente com cria\u00e7\u00f5es contempor\u00e2neas de qualidade, ampliando seu horizonte cultural em um \u00fanico espa\u00e7o.<\/p>","protected":false},"excerpt":{"rendered":"<p>Theatro Municipal abre exposi\u00e7\u00e3o com 34 pinturas in\u00e9ditas de Augusto Portella e Daniel Frickmann, integrando arte contempor\u00e2nea ao espa\u00e7o hist\u00f3rico.<\/p>","protected":false},"author":4,"featured_media":25416,"comment_status":"open","ping_status":"open","sticky":false,"template":"","format":"standard","meta":{"_crdt_document":"","footnotes":""},"categories":[269],"tags":[],"class_list":["post-25421","post","type-post","status-publish","format-standard","has-post-thumbnail","hentry","category-noticias"],"brizy_media":[],"_links":{"self":[{"href":"https:\/\/jornalcorporativo.com.br\/en\/wp-json\/wp\/v2\/posts\/25421","targetHints":{"allow":["GET"]}}],"collection":[{"href":"https:\/\/jornalcorporativo.com.br\/en\/wp-json\/wp\/v2\/posts"}],"about":[{"href":"https:\/\/jornalcorporativo.com.br\/en\/wp-json\/wp\/v2\/types\/post"}],"author":[{"embeddable":true,"href":"https:\/\/jornalcorporativo.com.br\/en\/wp-json\/wp\/v2\/users\/4"}],"replies":[{"embeddable":true,"href":"https:\/\/jornalcorporativo.com.br\/en\/wp-json\/wp\/v2\/comments?post=25421"}],"version-history":[{"count":0,"href":"https:\/\/jornalcorporativo.com.br\/en\/wp-json\/wp\/v2\/posts\/25421\/revisions"}],"wp:featuredmedia":[{"embeddable":true,"href":"https:\/\/jornalcorporativo.com.br\/en\/wp-json\/wp\/v2\/media\/25416"}],"wp:attachment":[{"href":"https:\/\/jornalcorporativo.com.br\/en\/wp-json\/wp\/v2\/media?parent=25421"}],"wp:term":[{"taxonomy":"category","embeddable":true,"href":"https:\/\/jornalcorporativo.com.br\/en\/wp-json\/wp\/v2\/categories?post=25421"},{"taxonomy":"post_tag","embeddable":true,"href":"https:\/\/jornalcorporativo.com.br\/en\/wp-json\/wp\/v2\/tags?post=25421"}],"curies":[{"name":"wp","href":"https:\/\/api.w.org\/{rel}","templated":true}]}}