{"id":25426,"date":"2026-04-30T12:00:47","date_gmt":"2026-04-30T15:00:47","guid":{"rendered":"https:\/\/jornalcorporativo.com.br\/redacao\/brasil-supera-eua-liberdade-imprensa-primeira-vez\/"},"modified":"2026-04-30T12:00:47","modified_gmt":"2026-04-30T15:00:47","slug":"brasil-supera-eua-liberdade-imprensa-primeira-vez","status":"publish","type":"post","link":"https:\/\/jornalcorporativo.com.br\/en\/brasil\/brasil-supera-eua-liberdade-imprensa-primeira-vez\/","title":{"rendered":"Brasil ultrapassa EUA em ranking de liberdade de imprensa pela primeira vez, revela Rep\u00f3rteres Sem Fronteiras"},"content":{"rendered":"<h2>Brasil supera Estados Unidos no ranking global de liberdade de imprensa<\/h2>\n<p>Em um marco hist\u00f3rico para a Am\u00e9rica Latina, o Brasil apareceu pela primeira vez \u00e0 frente dos Estados Unidos no ranking global de liberdade de imprensa divulgado pela Rep\u00f3rteres Sem Fronteiras (RSF). O relat\u00f3rio, divulgado nesta quinta-feira, apresenta um cen\u00e1rio preocupante para o jornalismo em escala mundial, registrando o pior n\u00edvel de prote\u00e7\u00e3o \u00e0 imprensa em 25 anos.<\/p>\n<p>Segundo a classifica\u00e7\u00e3o anual da organiza\u00e7\u00e3o internacional, o Brasil ocupa a <strong>52\u00aa posi\u00e7\u00e3o<\/strong>, enquanto os Estados Unidos ca\u00edram para o <strong>64\u00ba lugar<\/strong>. Esta queda americana amplia o recuo registrado no ano anterior, aprofundando o desgaste do ambiente para a imprensa norte-americana.<\/p>\n<h2>Deteriora\u00e7\u00e3o hist\u00f3rica da liberdade de imprensa mundial<\/h2>\n<p>Os dados revelados pela RSF indicam uma <strong>deteriora\u00e7\u00e3o sem precedentes<\/strong> na prote\u00e7\u00e3o ao jornalismo globalmente. Atualmente, 52,2% dos pa\u00edses analisados enfrentam situa\u00e7\u00f5es classificadas como &#8220;dif\u00edcil&#8221; ou &#8220;muito grave&#8221;, um aumento dram\u00e1tico comparado aos 13,7% registrados em 2002.<\/p>\n<p>A organiza\u00e7\u00e3o atribui essa deteriora\u00e7\u00e3o ao avan\u00e7o de legisla\u00e7\u00f5es mais restritivas, particularmente aquelas associadas a seguran\u00e7a nacional, al\u00e9m do incremento de press\u00f5es pol\u00edticas, econ\u00f4micas e legais contra jornalistas e ve\u00edculos de comunica\u00e7\u00e3o. Anne Bocand\u00e9, diretora editorial da RSF, explicou que as amea\u00e7as enfrentadas pelos profissionais de imprensa evolu\u00edram significativamente.<\/p>\n<p>&#8220;Os ataques contra jornalistas est\u00e3o mudando. Jornalistas continuam sendo assassinados, continuam existindo jornalistas presos, mas as press\u00f5es tamb\u00e9m s\u00e3o econ\u00f4micas, pol\u00edticas e legais&#8221;, afirmou Bocand\u00e9 em entrevista \u00e0 AFP.<\/p>\n<h2>Avan\u00e7o brasileiro e retrocesso nos Estados Unidos<\/h2>\n<p>O Brasil vivenciou um progresso not\u00e1vel na liberdade de imprensa nos \u00faltimos anos. De acordo com a RSF, o pa\u00eds avan\u00e7ou <strong>58 posi\u00e7\u00f5es desde 2022<\/strong>, alcan\u00e7ando a atual posi\u00e7\u00e3o de 52\u00ba lugar no ranking internacional.<\/p>\n<p>Em contraste, os Estados Unidos experimentaram um decl\u00ednio significativo. O pa\u00eds perdeu sete posi\u00e7\u00f5es neste ano, descendo para a 64\u00aa coloca\u00e7\u00e3o. O relat\u00f3rio da RSF aponta como principais causas os <strong>ataques recorrentes do presidente Donald Trump \u00e0 imprensa<\/strong>, classificados pela organiza\u00e7\u00e3o como &#8220;uma pr\u00e1tica sistem\u00e1tica&#8221;. Adicionalmente, pesaram contra os Estados Unidos a redu\u00e7\u00e3o de financiamento a ve\u00edculos internacionais e epis\u00f3dios envolvendo jornalistas que cobriam pol\u00edticas migrat\u00f3rias.<\/p>\n<h2>Am\u00e9rica Latina em espiral de viol\u00eancia e repress\u00e3o<\/h2>\n<p>Apesar do avan\u00e7o brasileiro positivo, a RSF alerta para um cen\u00e1rio extremamente preocupante em outras regi\u00f5es da Am\u00e9rica Latina. A organiza\u00e7\u00e3o afirma que v\u00e1rios pa\u00edses da regi\u00e3o est\u00e3o mergulhados em uma <strong>&#8220;espiral de viol\u00eancia e repress\u00e3o&#8221;<\/strong> contra profissionais da imprensa.<\/p>\n<p>O <strong>Equador<\/strong> registrou a maior queda regional, despencando 31 posi\u00e7\u00f5es para o 125\u00ba lugar no ranking. O <strong>Peru<\/strong> caiu para 144\u00ba ap\u00f3s registrar o assassinato de quatro rep\u00f3rteres em 2025. <strong>Argentina<\/strong> e <strong>El Salvador<\/strong> tamb\u00e9m recuaram significativamente, enfrentando aumento de press\u00f5es governamentais sobre a imprensa, segundo o relat\u00f3rio da RSF.<\/p>\n<h2>Cen\u00e1rio global: apenas sete pa\u00edses com liberdade plena<\/h2>\n<p>No contexto internacional, o panorama \u00e9 ainda mais desalentador. Apenas <strong>sete pa\u00edses do norte da Europa<\/strong>, liderados pela Noruega, mant\u00eam a classifica\u00e7\u00e3o m\u00e1xima de liberdade de imprensa considerada &#8220;boa&#8221;. De acordo com a RSF, menos de 1% da popula\u00e7\u00e3o mundial vive atualmente em pa\u00edses com esse n\u00edvel de prote\u00e7\u00e3o ao jornalismo.<\/p>\n<p>Este cen\u00e1rio global ressalta a import\u00e2ncia crescente de iniciativas que protejam a liberdade de imprensa e o direito \u00e0 informa\u00e7\u00e3o, especialmente em contextos onde press\u00f5es pol\u00edticas e econ\u00f4micas amea\u00e7am a independ\u00eancia jornal\u00edstica.<\/p>","protected":false},"excerpt":{"rendered":"<p>Brasil supera EUA em liberdade de imprensa pela primeira vez. RSF aponta pior n\u00edvel em 25 anos com 52% dos pa\u00edses em situa\u00e7\u00e3o grave.<\/p>","protected":false},"author":4,"featured_media":25423,"comment_status":"open","ping_status":"open","sticky":false,"template":"","format":"standard","meta":{"_crdt_document":"","footnotes":""},"categories":[36],"tags":[],"class_list":["post-25426","post","type-post","status-publish","format-standard","has-post-thumbnail","hentry","category-brasil"],"brizy_media":[],"_links":{"self":[{"href":"https:\/\/jornalcorporativo.com.br\/en\/wp-json\/wp\/v2\/posts\/25426","targetHints":{"allow":["GET"]}}],"collection":[{"href":"https:\/\/jornalcorporativo.com.br\/en\/wp-json\/wp\/v2\/posts"}],"about":[{"href":"https:\/\/jornalcorporativo.com.br\/en\/wp-json\/wp\/v2\/types\/post"}],"author":[{"embeddable":true,"href":"https:\/\/jornalcorporativo.com.br\/en\/wp-json\/wp\/v2\/users\/4"}],"replies":[{"embeddable":true,"href":"https:\/\/jornalcorporativo.com.br\/en\/wp-json\/wp\/v2\/comments?post=25426"}],"version-history":[{"count":0,"href":"https:\/\/jornalcorporativo.com.br\/en\/wp-json\/wp\/v2\/posts\/25426\/revisions"}],"wp:featuredmedia":[{"embeddable":true,"href":"https:\/\/jornalcorporativo.com.br\/en\/wp-json\/wp\/v2\/media\/25423"}],"wp:attachment":[{"href":"https:\/\/jornalcorporativo.com.br\/en\/wp-json\/wp\/v2\/media?parent=25426"}],"wp:term":[{"taxonomy":"category","embeddable":true,"href":"https:\/\/jornalcorporativo.com.br\/en\/wp-json\/wp\/v2\/categories?post=25426"},{"taxonomy":"post_tag","embeddable":true,"href":"https:\/\/jornalcorporativo.com.br\/en\/wp-json\/wp\/v2\/tags?post=25426"}],"curies":[{"name":"wp","href":"https:\/\/api.w.org\/{rel}","templated":true}]}}