{"id":25427,"date":"2026-04-30T12:00:47","date_gmt":"2026-04-30T15:00:47","guid":{"rendered":"https:\/\/jornalcorporativo.com.br\/redacao\/corinthians-penarol-libertadores-transmissao-ao-vivo\/"},"modified":"2026-04-30T12:00:47","modified_gmt":"2026-04-30T15:00:47","slug":"corinthians-penarol-libertadores-transmissao-ao-vivo","status":"publish","type":"post","link":"https:\/\/jornalcorporativo.com.br\/en\/esportes\/corinthians-penarol-libertadores-transmissao-ao-vivo\/","title":{"rendered":"Corinthians x Pe\u00f1arol: Hor\u00e1rio, Transmiss\u00e3o e Informa\u00e7\u00f5es do Jogo da Libertadores"},"content":{"rendered":"<h2>Corinthians enfrenta Pe\u00f1arol na Libertadores<\/h2>\n<p>O Corinthians recebe o Pe\u00f1arol nesta quinta-feira (30 de abril) em partida v\u00e1lida pela terceira rodada da fase de grupos da Copa Libertadores. O time paulista lidera o Grupo E com 100% de aproveitamento e seis pontos conquistados, buscando manter sua sequ\u00eancia invicta na competi\u00e7\u00e3o continental.<\/p>\n<h2>Hor\u00e1rio e Local do Confronto<\/h2>\n<p>O duelo ser\u00e1 disputado na <strong>Neo Qu\u00edmica Arena, em S\u00e3o Paulo<\/strong>, \u00e0s <strong>21h (hor\u00e1rio de Bras\u00edlia)<\/strong>. O est\u00e1dio corintiano promete receber uma boa torcida para apoiar o time na busca pela vit\u00f3ria e manuten\u00e7\u00e3o da lideran\u00e7a do grupo.<\/p>\n<h2>Onde Assistir ao Vivo<\/h2>\n<p>Os torcedores ter\u00e3o duas op\u00e7\u00f5es para acompanhar o confronto em tempo real. A partida ser\u00e1 transmitida pela <strong>ESPN<\/strong>, dispon\u00edvel para assinantes de TV por assinatura, e pelo <strong>Disney+<\/strong>, plataforma de streaming que oferece cobertura exclusiva dos jogos da Libertadores.<\/p>\n<h2>Escala\u00e7\u00e3o do Corinthians<\/h2>\n<p>O t\u00e9cnico <strong>Fernando Diniz<\/strong> deve escalar o Corinthians com a seguinte forma\u00e7\u00e3o: <strong>Kau\u00ea<\/strong> (goleiro), <strong>Matheuzinho<\/strong>, <strong>Gustavo Henrique<\/strong>, <strong>Gabriel Paulista<\/strong> e <strong>Matheus Bidu<\/strong> na defesa; <strong>Raniele<\/strong> e <strong>Andr\u00e9<\/strong> no meio-campo; <strong>Breno Bidon<\/strong> e <strong>Garro<\/strong> como meias; <strong>Lingard<\/strong> e <strong>Yuri Alberto<\/strong> no ataque. O time busca aproveitar o bom momento para vencer mais uma partida na competi\u00e7\u00e3o.<\/p>\n<h2>Escala\u00e7\u00e3o do Pe\u00f1arol<\/h2>\n<p>O Pe\u00f1arol, sob comando do t\u00e9cnico <strong>Diego Aguirre<\/strong>, apresentar\u00e1 a seguinte escala\u00e7\u00e3o: <strong>Britos<\/strong> (goleiro), <strong>Kevin Rodr\u00edguez<\/strong>, <strong>Ferreira<\/strong>, <strong>Maur\u00edcio Lemos<\/strong> e <strong>Maxi Olivera<\/strong> na defesa; <strong>Remedi<\/strong> e <strong>Darias<\/strong> no meio-campo; <strong>Trindade<\/strong> e <strong>Nicol\u00e1s Fern\u00e1ndez<\/strong> como meias; <strong>Angulo<\/strong> e <strong>Arezo<\/strong> no ataque. O time uruguaio chega para tentar surpreender o favoritismo corintiano.<\/p>\n<h2>Arbitragem<\/h2>\n<p>A partida ser\u00e1 dirigida pelo \u00e1rbitro <strong>Cristian Garay<\/strong>, do Chile. Os assistentes <strong>Claudio Urrutia<\/strong> e <strong>Alejandro Molina<\/strong>, tamb\u00e9m chilenos, auxiliar\u00e3o nas decis\u00f5es de campo. O VAR ficar\u00e1 sob responsabilidade de <strong>Rodrigo Carvajal<\/strong>, completando toda a equipe de arbitragem da CONMEBOL para este importante confronto.<\/p>\n<h2>Expectativas para o Jogo<\/h2>\n<p>O Corinthians chega como favorito ao confronto, liderando seu grupo na Libertadores com aproveitamento perfeito. A vit\u00f3ria \u00e9 fundamental para consolidar a campanha na fase de grupos e garantir uma posi\u00e7\u00e3o privilegiada para as pr\u00f3ximas etapas da competi\u00e7\u00e3o. O Pe\u00f1arol, por sua vez, buscar\u00e1 surpreender para somar pontos na luta pelo avan\u00e7amento no torneio.<\/p>","protected":false},"excerpt":{"rendered":"<p>Corinthians x Pe\u00f1arol nesta quinta-feira \u00e0s 21h na Neo Qu\u00edmica Arena. Veja hor\u00e1rio, transmiss\u00e3o ao vivo e escala\u00e7\u00f5es do jogo da Libertadores.<\/p>","protected":false},"author":4,"featured_media":25425,"comment_status":"open","ping_status":"open","sticky":false,"template":"","format":"standard","meta":{"_crdt_document":"","footnotes":""},"categories":[6],"tags":[],"class_list":["post-25427","post","type-post","status-publish","format-standard","has-post-thumbnail","hentry","category-esportes"],"brizy_media":[],"_links":{"self":[{"href":"https:\/\/jornalcorporativo.com.br\/en\/wp-json\/wp\/v2\/posts\/25427","targetHints":{"allow":["GET"]}}],"collection":[{"href":"https:\/\/jornalcorporativo.com.br\/en\/wp-json\/wp\/v2\/posts"}],"about":[{"href":"https:\/\/jornalcorporativo.com.br\/en\/wp-json\/wp\/v2\/types\/post"}],"author":[{"embeddable":true,"href":"https:\/\/jornalcorporativo.com.br\/en\/wp-json\/wp\/v2\/users\/4"}],"replies":[{"embeddable":true,"href":"https:\/\/jornalcorporativo.com.br\/en\/wp-json\/wp\/v2\/comments?post=25427"}],"version-history":[{"count":0,"href":"https:\/\/jornalcorporativo.com.br\/en\/wp-json\/wp\/v2\/posts\/25427\/revisions"}],"wp:featuredmedia":[{"embeddable":true,"href":"https:\/\/jornalcorporativo.com.br\/en\/wp-json\/wp\/v2\/media\/25425"}],"wp:attachment":[{"href":"https:\/\/jornalcorporativo.com.br\/en\/wp-json\/wp\/v2\/media?parent=25427"}],"wp:term":[{"taxonomy":"category","embeddable":true,"href":"https:\/\/jornalcorporativo.com.br\/en\/wp-json\/wp\/v2\/categories?post=25427"},{"taxonomy":"post_tag","embeddable":true,"href":"https:\/\/jornalcorporativo.com.br\/en\/wp-json\/wp\/v2\/tags?post=25427"}],"curies":[{"name":"wp","href":"https:\/\/api.w.org\/{rel}","templated":true}]}}