{"id":25428,"date":"2026-04-30T12:00:47","date_gmt":"2026-04-30T15:00:47","guid":{"rendered":"https:\/\/jornalcorporativo.com.br\/redacao\/cirurgia-arrascaeta-procedimento-fratura-clavicula\/"},"modified":"2026-04-30T12:00:47","modified_gmt":"2026-04-30T15:00:47","slug":"cirurgia-arrascaeta-procedimento-fratura-clavicula","status":"publish","type":"post","link":"https:\/\/jornalcorporativo.com.br\/en\/esportes\/cirurgia-arrascaeta-procedimento-fratura-clavicula\/","title":{"rendered":"Cirurgia de Arrascaeta: saiba como funciona o procedimento para corrigir fratura na clav\u00edcula"},"content":{"rendered":"<h2>Entenda o procedimento cir\u00fargico de Arrascaeta<\/h2>\n<p>O meia Arrascaeta ser\u00e1 submetido a uma cirurgia para corrigir a fratura na clav\u00edcula direita, um procedimento considerado padr\u00e3o na ortopedia moderna. A interven\u00e7\u00e3o \u00e9 indicada em casos com desvio \u00f3sseo significativo ou quando \u00e9 necess\u00e1ria uma recupera\u00e7\u00e3o mais r\u00e1pida, cen\u00e1rio particularmente comum entre atletas de alto rendimento como os jogadores profissionais de futebol.<\/p>\n<h2>Como funciona a cirurgia de clav\u00edcula<\/h2>\n<p>A cirurgia \u00e9 realizada sob <strong>anestesia geral<\/strong> e possui dura\u00e7\u00e3o m\u00e9dia de aproximadamente uma hora. O objetivo principal \u00e9 reposicionar e estabilizar o osso fraturado de forma precisa. Para alcan\u00e7ar esse resultado, o cirurgi\u00e3o realiza uma incis\u00e3o cuidadosa sobre a regi\u00e3o da clav\u00edcula, alinha meticulosamente os fragmentos \u00f3sseos e promove a fixa\u00e7\u00e3o utilizando placas e parafusos, geralmente fabricados em <strong>tit\u00e2nio ou a\u00e7o inoxid\u00e1vel<\/strong>.<\/p>\n<p>Esses materiais met\u00e1licos mant\u00eam a estrutura \u00f3ssea completamente est\u00e1vel durante todo o processo de consolida\u00e7\u00e3o, permitindo que o osso cicatrize adequadamente na posi\u00e7\u00e3o anat\u00f4mica correta. Essa t\u00e9cnica garante uma recupera\u00e7\u00e3o mais eficiente e reduz significativamente o risco de complica\u00e7\u00f5es.<\/p>\n<h3>Quando a cirurgia \u00e9 indicada<\/h3>\n<p>A op\u00e7\u00e3o cir\u00fargica costuma ser adotada quando existem condi\u00e7\u00f5es espec\u00edficas que justificam a interven\u00e7\u00e3o. Entre os crit\u00e9rios est\u00e3o o afastamento significativo entre os fragmentos da fratura, o encurtamento do osso, risco de complica\u00e7\u00f5es futuras e situa\u00e7\u00f5es em que o retorno r\u00e1pido \u00e0s atividades \u00e9 essencial.<\/p>\n<p>No caso de Arrascaeta, a les\u00e3o ocorreu ap\u00f3s uma queda com impacto direto sobre o ombro durante o empate com o Estudiantes, pela Libertadores. Esse mecanismo \u00e9 t\u00edpico de fraturas na clav\u00edcula, quando toda a for\u00e7a do impacto \u00e9 transferida para esse osso fino e exposto, causando a fratura.<\/p>\n<h2>Recupera\u00e7\u00e3o e reabilita\u00e7\u00e3o p\u00f3s-operat\u00f3ria<\/h2>\n<p>O processo de recupera\u00e7\u00e3o ap\u00f3s a cirurgia envolve v\u00e1rias fases importantes. Inicialmente, o ombro permanece <strong>imobilizado com tipoia por aproximadamente quatro semanas<\/strong>, evitando movimentos que possam comprometer a consolida\u00e7\u00e3o \u00f3ssea. Ap\u00f3s esse per\u00edodo inicial, inicia-se a <strong>fisioterapia<\/strong>, fundamental para recuperar a mobilidade e for\u00e7a muscular.<\/p>\n<p>A recupera\u00e7\u00e3o funcional evolui de forma gradual e progressiva. O retorno \u00e0s atividades cotidianas normalmente ocorre ap\u00f3s o per\u00edodo inicial de imobiliza\u00e7\u00e3o. J\u00e1 a libera\u00e7\u00e3o para esfor\u00e7os f\u00edsicos mais intensos e o retorno aos gramados para atletas profissionais \u00e9 estimado em torno de <strong>dois a tr\u00eas meses<\/strong> ap\u00f3s o procedimento.<\/p>\n<h3>Sobre as placas met\u00e1licas<\/h3>\n<p>Uma d\u00favida comum entre pacientes \u00e9 sobre a necessidade de remover as placas met\u00e1licas ap\u00f3s a consolida\u00e7\u00e3o \u00f3ssea. Na maioria dos casos, a retirada do material n\u00e3o \u00e9 necess\u00e1ria, pois ele n\u00e3o costuma causar qualquer inc\u00f4modo ao paciente. A remo\u00e7\u00e3o s\u00f3 \u00e9 indicada em situa\u00e7\u00f5es muito espec\u00edficas, como infec\u00e7\u00e3o ou falha na consolida\u00e7\u00e3o \u00f3ssea, consideradas raras pelos especialistas.<\/p>\n<h2>Fratura de clav\u00edcula no contexto esportivo<\/h2>\n<p>A fratura da clav\u00edcula est\u00e1 entre as <strong>les\u00f5es mais comuns do ombro<\/strong> e representa uma parcela significativa dos casos ortop\u00e9dicos, especialmente em contextos esportivos. A cirurgia, quando indicada pelos especialistas, tende a oferecer melhor alinhamento \u00f3sseo e menor risco de complica\u00e7\u00f5es a longo prazo, fatores determinantes na decis\u00e3o m\u00e9dica, principalmente para atletas profissionais como o meia do Flamengo.<\/p>\n<h2>Comunicado oficial do Flamengo<\/h2>\n<p>Conforme comunicado oficial do clube: <strong>O meia ser\u00e1 submetido a cirurgia para corre\u00e7\u00e3o da fratura na clav\u00edcula direita, no Rio de Janeiro. A equipe respons\u00e1vel pelo procedimento ser\u00e1 formada pelos especialistas M\u00e1rcio Schiefer e Bruno Tebaldi, al\u00e9m de Fernando Sassaki, chefe do Departamento M\u00e9dico do Flamengo<\/strong>.<\/p>","protected":false},"excerpt":{"rendered":"<p>Entenda como funciona a cirurgia de clav\u00edcula de Arrascaeta. Conhe\u00e7a o procedimento, recupera\u00e7\u00e3o e retorno aos jogos.<\/p>","protected":false},"author":4,"featured_media":25422,"comment_status":"open","ping_status":"open","sticky":false,"template":"","format":"standard","meta":{"_crdt_document":"","footnotes":""},"categories":[6],"tags":[],"class_list":["post-25428","post","type-post","status-publish","format-standard","has-post-thumbnail","hentry","category-esportes"],"brizy_media":[],"_links":{"self":[{"href":"https:\/\/jornalcorporativo.com.br\/en\/wp-json\/wp\/v2\/posts\/25428","targetHints":{"allow":["GET"]}}],"collection":[{"href":"https:\/\/jornalcorporativo.com.br\/en\/wp-json\/wp\/v2\/posts"}],"about":[{"href":"https:\/\/jornalcorporativo.com.br\/en\/wp-json\/wp\/v2\/types\/post"}],"author":[{"embeddable":true,"href":"https:\/\/jornalcorporativo.com.br\/en\/wp-json\/wp\/v2\/users\/4"}],"replies":[{"embeddable":true,"href":"https:\/\/jornalcorporativo.com.br\/en\/wp-json\/wp\/v2\/comments?post=25428"}],"version-history":[{"count":0,"href":"https:\/\/jornalcorporativo.com.br\/en\/wp-json\/wp\/v2\/posts\/25428\/revisions"}],"wp:featuredmedia":[{"embeddable":true,"href":"https:\/\/jornalcorporativo.com.br\/en\/wp-json\/wp\/v2\/media\/25422"}],"wp:attachment":[{"href":"https:\/\/jornalcorporativo.com.br\/en\/wp-json\/wp\/v2\/media?parent=25428"}],"wp:term":[{"taxonomy":"category","embeddable":true,"href":"https:\/\/jornalcorporativo.com.br\/en\/wp-json\/wp\/v2\/categories?post=25428"},{"taxonomy":"post_tag","embeddable":true,"href":"https:\/\/jornalcorporativo.com.br\/en\/wp-json\/wp\/v2\/tags?post=25428"}],"curies":[{"name":"wp","href":"https:\/\/api.w.org\/{rel}","templated":true}]}}