{"id":25433,"date":"2026-04-30T16:00:53","date_gmt":"2026-04-30T19:00:53","guid":{"rendered":"https:\/\/jornalcorporativo.com.br\/redacao\/madri-estadio-shakira-shows-turne\/"},"modified":"2026-04-30T16:00:53","modified_gmt":"2026-04-30T19:00:53","slug":"madri-estadio-shakira-shows-turne","status":"publish","type":"post","link":"https:\/\/jornalcorporativo.com.br\/en\/noticias\/madri-estadio-shakira-shows-turne\/","title":{"rendered":"Madri constr\u00f3i Est\u00e1dio Shakira para 11 shows da turn\u00ea Las Mujeres Ya No Lloran"},"content":{"rendered":"<h2>A Turn\u00ea Global de Shakira Continua em Expans\u00e3o<\/h2>\n<p>Ap\u00f3s o megashow em Copacabana, no Rio de Janeiro, realizado no s\u00e1bado (2), a agenda de Shakira segue intensa e promissora. A cantora colombiana prossegue sua turn\u00ea internacional &#8220;Las Mujeres Ya No Lloran&#8221; visitando Estados Unidos, Europa, \u00c1frica e \u00c1sia. O \u00e1lbum hom\u00f4nimo teve seus primeiros shows no Rio de Janeiro em fevereiro do ano anterior, marcando o in\u00edcio dessa jornada musical que conquista continentes.<\/p>\n<h2>O Est\u00e1dio Shakira: Um Espa\u00e7o Criado Especialmente para a Artista<\/h2>\n<p>O investimento europeu em Madri \u00e9 extraordin\u00e1rio. As apresenta\u00e7\u00f5es na capital espanhola acontecer\u00e3o no <strong>Est\u00e1dio Shakira<\/strong>, um espa\u00e7o tempor\u00e1rio constru\u00eddo dentro do Iberdrola Music exclusivamente para os 11 shows que a cantora realiza na cidade. Este \u00e9 um reflexo do impacto global que a artista continua gerando no cen\u00e1rio musical internacional.<\/p>\n<p>O local possui capacidade para aproximadamente 50 mil espectadores e funciona ao ar livre, oferecendo uma experi\u00eancia imersiva aos f\u00e3s. As apresenta\u00e7\u00f5es est\u00e3o programadas para as seguintes datas: 18 a 20 de setembro, 25 a 27 do mesmo m\u00eas, e posteriormente 2, 3, 4, 10 e 11 de outubro. Os ingressos t\u00eam pre\u00e7os variados, come\u00e7ando em 119 euros e alcan\u00e7ando at\u00e9 600 euros, equivalente a valores entre R$ 694 e R$ 3.500 em moeda brasileira.<\/p>\n<h2>Apresenta\u00e7\u00e3o nas Pir\u00e2mides de Giz\u00e9: Um Palco Hist\u00f3rico<\/h2>\n<p>Al\u00e9m das apresenta\u00e7\u00f5es em Madri, Shakira realizar\u00e1 um show em local verdadeiramente singular: nas <strong>Pir\u00e2mides de Giz\u00e9, no Egito<\/strong>, em 28 de novembro. A regi\u00e3o \u00e9 conhecida por receber artistas de grande relev\u00e2ncia internacional, com palcos montados nos arredores dessa constru\u00e7\u00e3o milenar. Shakira j\u00e1 possui hist\u00f3rico neste local emblem\u00e1tico, tendo se apresentado no mesmo espa\u00e7o em 2007, durante a turn\u00ea Oral Fixation, quando reuniu impressionantes 100 mil pessoas.<\/p>\n<h3>O Sucesso Cont\u00ednuo da Turn\u00ea<\/h3>\n<p>A turn\u00ea &#8220;Las Mujeres Ya No Lloran&#8221; representa um marco significativo na carreira de Shakira, consolidando sua posi\u00e7\u00e3o como uma das artistas mais influentes da m\u00fasica pop contempor\u00e2nea. O investimento em estruturas especiais e apresenta\u00e7\u00f5es em locais ic\u00f4nicos demonstra o alcance e a relev\u00e2ncia que a cantora mant\u00e9m no cen\u00e1rio musical global. Cada apresenta\u00e7\u00e3o \u00e9 cuidadosamente planejada para oferecer experi\u00eancias inesquec\u00edveis aos seus f\u00e3s ao redor do mundo.<\/p>","protected":false},"excerpt":{"rendered":"<p>Shakira constr\u00f3i est\u00e1dio em Madri para 11 shows da turn\u00ea Las Mujeres Ya No Lloran com capacidade para 50 mil pessoas.<\/p>","protected":false},"author":4,"featured_media":25432,"comment_status":"open","ping_status":"open","sticky":false,"template":"","format":"standard","meta":{"_crdt_document":"","footnotes":""},"categories":[269],"tags":[],"class_list":["post-25433","post","type-post","status-publish","format-standard","has-post-thumbnail","hentry","category-noticias"],"brizy_media":[],"_links":{"self":[{"href":"https:\/\/jornalcorporativo.com.br\/en\/wp-json\/wp\/v2\/posts\/25433","targetHints":{"allow":["GET"]}}],"collection":[{"href":"https:\/\/jornalcorporativo.com.br\/en\/wp-json\/wp\/v2\/posts"}],"about":[{"href":"https:\/\/jornalcorporativo.com.br\/en\/wp-json\/wp\/v2\/types\/post"}],"author":[{"embeddable":true,"href":"https:\/\/jornalcorporativo.com.br\/en\/wp-json\/wp\/v2\/users\/4"}],"replies":[{"embeddable":true,"href":"https:\/\/jornalcorporativo.com.br\/en\/wp-json\/wp\/v2\/comments?post=25433"}],"version-history":[{"count":0,"href":"https:\/\/jornalcorporativo.com.br\/en\/wp-json\/wp\/v2\/posts\/25433\/revisions"}],"wp:featuredmedia":[{"embeddable":true,"href":"https:\/\/jornalcorporativo.com.br\/en\/wp-json\/wp\/v2\/media\/25432"}],"wp:attachment":[{"href":"https:\/\/jornalcorporativo.com.br\/en\/wp-json\/wp\/v2\/media?parent=25433"}],"wp:term":[{"taxonomy":"category","embeddable":true,"href":"https:\/\/jornalcorporativo.com.br\/en\/wp-json\/wp\/v2\/categories?post=25433"},{"taxonomy":"post_tag","embeddable":true,"href":"https:\/\/jornalcorporativo.com.br\/en\/wp-json\/wp\/v2\/tags?post=25433"}],"curies":[{"name":"wp","href":"https:\/\/api.w.org\/{rel}","templated":true}]}}