{"id":25434,"date":"2026-04-30T16:00:54","date_gmt":"2026-04-30T19:00:54","guid":{"rendered":"https:\/\/jornalcorporativo.com.br\/redacao\/tarifa-pedagio-transol-mpica-r-9-95-congelada-tres-anos\/"},"modified":"2026-04-30T16:00:54","modified_gmt":"2026-04-30T19:00:54","slug":"tarifa-pedagio-transol-mpica-r-9-95-congelada-tres-anos","status":"publish","type":"post","link":"https:\/\/jornalcorporativo.com.br\/en\/brasil\/tarifa-pedagio-transol-mpica-r-9-95-congelada-tres-anos\/","title":{"rendered":"Tarifa de Ped\u00e1gio da Transol\u00edmpica sobe para R$ 9,95 a partir de domingo e fica congelada por 3 anos"},"content":{"rendered":"<h2>Nova Tarifa da Transol\u00edmpica Entra em Vigor<\/h2>\n<p>A prefeitura do Rio de Janeiro anunciou a implementa\u00e7\u00e3o de uma nova tarifa de ped\u00e1gio da Transol\u00edmpica a partir do pr\u00f3ximo domingo, alterando o valor cobrado dos usu\u00e1rios que transitam por essa importante via de mobilidade urbana. O reajuste representa um aumento de R$ 1,00 em rela\u00e7\u00e3o \u00e0 tarifa anterior, passando de R$ 8,95 para R$ 9,95. Apesar do aumento, o valor aprovado ficou abaixo das previs\u00f5es iniciais e permanecer\u00e1 congelado pelos pr\u00f3ximos tr\u00eas anos.<\/p>\n<h2>Acordo entre Prefeitura e Concession\u00e1ria ViaRio<\/h2>\n<p>O valor da nova tarifa foi resultado de uma negocia\u00e7\u00e3o entre a prefeitura e a concession\u00e1ria ViaRio, que operacionaliza a via. O acordo garantiu um pre\u00e7o mais reduzido do que o originalmente previsto pelas regras contratuais, que fixavam R$ 10,80, e inferior tamb\u00e9m \u00e0 autoriza\u00e7\u00e3o judicial de dezembro, que permitia a cobran\u00e7a de R$ 10,35. Em troca do reajuste moderado, a ViaRio obteve a extens\u00e3o de seu prazo de explora\u00e7\u00e3o da rodovia por mais 15 anos.<\/p>\n<h2>Descongelamento Tarif\u00e1rio Adiado para 2039<\/h2>\n<p>Com esta negocia\u00e7\u00e3o estrat\u00e9gica, a evolu\u00e7\u00e3o tarif\u00e1ria acordada entre as partes permitir\u00e1 que a tarifa originalmente prevista no contrato s\u00f3 seja alcan\u00e7ada em 2039, conforme informado pela administra\u00e7\u00e3o municipal. Esse cronograma estendido oferece maior previsibilidade para os usu\u00e1rios da via e contribui para o planejamento financeiro de motoristas frequentes.<\/p>\n<h2>Programa de Desconto para Usu\u00e1rios Frequentes<\/h2>\n<p>Paralelamente ao ajuste tarif\u00e1rio, a concession\u00e1ria implantar\u00e1 um modelo inovador denominado Desconto para Usu\u00e1rios Frequentes (DUF). Este programa oferece tarifas progressivamente menores de acordo com a quantidade de passagens realizadas mensalmente na via. O sistema funciona da seguinte maneira:<\/p>\n<p><strong>Tabela de Descontos DUF:<\/strong><\/p>\n<p>De 1 a 7 passagens: R$ 9,95<br \/>De 8 a 12 passagens: R$ 9,55<br \/>De 13 a 19 passagens: R$ 9,15<br \/>A partir de 20 passagens: R$ 8,80<\/p>\n<h2>Requisitos e Funcionamento do Programa<\/h2>\n<p>O benef\u00edcio do desconto \u00e9 v\u00e1lido exclusivamente para ve\u00edculos leves, englobando as categorias 1, 3 e 5. O programa \u00e9 restrito a usu\u00e1rios que utilizam TAG nas pistas autom\u00e1ticas de cobran\u00e7a (AVI). O c\u00e1lculo do desconto ocorre mensalmente e \u00e9 aplicado separadamente por TAG, pra\u00e7a de ped\u00e1gio e sentido da via, garantindo maior precis\u00e3o na concess\u00e3o do benef\u00edcio.<\/p>\n<h2>Continuidade dos Servi\u00e7os e Manuten\u00e7\u00e3o da Via<\/h2>\n<p>A prefeitura enfatiza que a atualiza\u00e7\u00e3o tarif\u00e1ria assegura a continuidade de todos os servi\u00e7os prestados na Transol\u00edmpica, incluindo manuten\u00e7\u00e3o preventiva e corretiva da infraestrutura, sinaliza\u00e7\u00e3o adequada, conserva\u00e7\u00e3o geral da via, atendimento r\u00e1pido a emerg\u00eancias e implementa\u00e7\u00e3o de medidas de seguran\u00e7a vi\u00e1ria para todos os usu\u00e1rios.<\/p>\n<h2>Import\u00e2ncia da Transol\u00edmpica na Mobilidade Urbana<\/h2>\n<p>A Transol\u00edmpica representa um importante corredor de mobilidade urbana no Rio de Janeiro, ligando a regi\u00e3o de Deodoro ao Recreio dos Bandeirantes. Esta via \u00e9 fundamental para o deslocamento de milhares de motoristas diariamente, facilitando o acesso entre diferentes zonas da cidade e contribuindo para a integra\u00e7\u00e3o das regi\u00f5es perif\u00e9ricas ao centro urbano.<\/p>","protected":false},"excerpt":{"rendered":"<p>Tarifa da Transol\u00edmpica passa para R$ 9,95 a partir de domingo e fica congelada por 3 anos. Programa DUF oferece descontos progressivos.<\/p>","protected":false},"author":4,"featured_media":25430,"comment_status":"open","ping_status":"open","sticky":false,"template":"","format":"standard","meta":{"_crdt_document":"","footnotes":""},"categories":[36],"tags":[],"class_list":["post-25434","post","type-post","status-publish","format-standard","has-post-thumbnail","hentry","category-brasil"],"brizy_media":[],"_links":{"self":[{"href":"https:\/\/jornalcorporativo.com.br\/en\/wp-json\/wp\/v2\/posts\/25434","targetHints":{"allow":["GET"]}}],"collection":[{"href":"https:\/\/jornalcorporativo.com.br\/en\/wp-json\/wp\/v2\/posts"}],"about":[{"href":"https:\/\/jornalcorporativo.com.br\/en\/wp-json\/wp\/v2\/types\/post"}],"author":[{"embeddable":true,"href":"https:\/\/jornalcorporativo.com.br\/en\/wp-json\/wp\/v2\/users\/4"}],"replies":[{"embeddable":true,"href":"https:\/\/jornalcorporativo.com.br\/en\/wp-json\/wp\/v2\/comments?post=25434"}],"version-history":[{"count":0,"href":"https:\/\/jornalcorporativo.com.br\/en\/wp-json\/wp\/v2\/posts\/25434\/revisions"}],"wp:featuredmedia":[{"embeddable":true,"href":"https:\/\/jornalcorporativo.com.br\/en\/wp-json\/wp\/v2\/media\/25430"}],"wp:attachment":[{"href":"https:\/\/jornalcorporativo.com.br\/en\/wp-json\/wp\/v2\/media?parent=25434"}],"wp:term":[{"taxonomy":"category","embeddable":true,"href":"https:\/\/jornalcorporativo.com.br\/en\/wp-json\/wp\/v2\/categories?post=25434"},{"taxonomy":"post_tag","embeddable":true,"href":"https:\/\/jornalcorporativo.com.br\/en\/wp-json\/wp\/v2\/tags?post=25434"}],"curies":[{"name":"wp","href":"https:\/\/api.w.org\/{rel}","templated":true}]}}