{"id":25439,"date":"2026-04-30T20:00:59","date_gmt":"2026-04-30T23:00:59","guid":{"rendered":"https:\/\/jornalcorporativo.com.br\/redacao\/lula-pronunciamento-tv-pacote-medidas-endividamento\/"},"modified":"2026-04-30T20:00:59","modified_gmt":"2026-04-30T23:00:59","slug":"lula-pronunciamento-tv-pacote-medidas-endividamento","status":"publish","type":"post","link":"https:\/\/jornalcorporativo.com.br\/en\/politica\/lula-pronunciamento-tv-pacote-medidas-endividamento\/","title":{"rendered":"Lula faz pronunciamento na TV nesta sexta-feira sobre pacote de medidas contra endividamento das fam\u00edlias"},"content":{"rendered":"<h2>Pronunciamento presidencial na cadeia nacional de r\u00e1dio e televis\u00e3o<\/h2>\n<p>O presidente Luiz In\u00e1cio Lula da Silva (PT) realizar\u00e1 um pronunciamento de r\u00e1dio e televis\u00e3o nesta sexta-feira, ocasi\u00e3o que marca a celebra\u00e7\u00e3o do 1\u00ba de maio. Durante a fala, o presidente pretende anunciar um <strong>pacote de medidas voltadas para conter o endividamento das fam\u00edlias brasileiras<\/strong>, conforme revelado pela imprensa. Este ser\u00e1 um momento estrat\u00e9gico para o governo divulgar iniciativas que buscam aliviar a carga financeira de milh\u00f5es de brasileiros que enfrentam dificuldades com d\u00edvidas.<\/p>\n<h2>Aus\u00eancia nos atos sindicais tradicionais<\/h2>\n<p>Diferentemente de anos anteriores, Lula n\u00e3o comparecer\u00e1 aos atos organizados pelas centrais sindicais nesta celebra\u00e7\u00e3o. A decis\u00e3o reflete preocupa\u00e7\u00f5es pol\u00edticas, uma vez que o presidente teme que os eventos possam estar esvaziados. Em 2024, Lula esteve presente em um evento unificado das centrais sindicais em frente ao est\u00e1dio do Corinthians, na Zona Leste de S\u00e3o Paulo, onde reclamou da baixa participa\u00e7\u00e3o do p\u00fablico. Dados do Monitor do Debate Pol\u00edtico no Meio Digital, da USP, indicaram presen\u00e7a de pouco mais de 1,6 mil pessoas no evento.<\/p>\n<p>Este ano, em que o presidente pretende disputar a reelei\u00e7\u00e3o, a participa\u00e7\u00e3o em um novo ato com p\u00fablico reduzido poderia gerar repercuss\u00f5es pol\u00edticas negativas para sua imagem. As centrais sindicais tamb\u00e9m quebraram uma tradi\u00e7\u00e3o dos \u00faltimos anos e n\u00e3o realizar\u00e3o um evento unificado, optando por atos descentralizados e regionalizados.<\/p>\n<h2>Hist\u00f3rico de participa\u00e7\u00e3o em celebra\u00e7\u00f5es do Dia do Trabalho<\/h2>\n<p>Lula esteve presente em um ato unificado de 1\u00ba de maio em 2023, em S\u00e3o Paulo, durante o primeiro ano de seu terceiro mandato presidencial. Em 2022, quando j\u00e1 era pr\u00e9-candidato \u00e0 presid\u00eancia, o petista tamb\u00e9m participou de um evento realizado pelas centrais sindicais na capital paulista. O hist\u00f3rico demonstra uma presen\u00e7a consistente do presidente em celebra\u00e7\u00f5es laborais anteriores, mantendo tradi\u00e7\u00e3o de contato direto com a base sindical.<\/p>\n<h2>Principais pontos do pacote de endividamento<\/h2>\n<p>No pronunciamento a ser exibido em cadeia de televis\u00e3o e r\u00e1dio, Lula dever\u00e1 defender o fim da escala 6 x 1 e anunciar os principais pontos do pacote de medidas contra endividamento. O detalhamento completo das iniciativas ficar\u00e1 reservado para segunda-feira, permitindo melhor dissemina\u00e7\u00e3o das informa\u00e7\u00f5es.<\/p>\n<p>O programa deve permitir a <strong>troca de d\u00edvidas em atraso no cart\u00e3o de cr\u00e9dito, cheque especial e cr\u00e9dito pessoal<\/strong> sem garantia por um contrato mais vantajoso, com taxas limitadas a 1,99% ao m\u00eas. A iniciativa beneficiar\u00e1 pessoas que ganham at\u00e9 cinco sal\u00e1rios m\u00ednimos e que possuem d\u00edvidas em atraso entre 90 dias e dois anos, oferecendo descontos que variam entre 40% e 90%, conforme a antiguidade da d\u00edvida.<\/p>\n<h2>Condi\u00e7\u00f5es de renegocia\u00e7\u00e3o e prazos<\/h2>\n<p>A renegocia\u00e7\u00e3o das d\u00edvidas permanecer\u00e1 aberta por 90 dias ap\u00f3s o lan\u00e7amento da medida, e os clientes ter\u00e3o at\u00e9 quatro anos para quitar a nova d\u00edvida contra\u00edda. A tend\u00eancia aponta para a exist\u00eancia de uma <strong>car\u00eancia de um m\u00eas para quitar a primeira parcela<\/strong>, per\u00edodo em que ocorrer\u00e1 a limpeza do nome do cliente nos cadastros de inadimpl\u00eancia, permitindo restaura\u00e7\u00e3o da reputa\u00e7\u00e3o credit\u00edcia.<\/p>\n<p>Adicionalmente, ser\u00e1 permitido o uso de at\u00e9 20% do saldo do FGTS (Fundo de Garantia do Tempo de Servi\u00e7o) exclusivamente para quitar d\u00edvidas no \u00e2mbito deste programa, oferecendo mais uma alternativa aos brasileiros endividados para regularizar sua situa\u00e7\u00e3o financeira.<\/p>\n<h2>Contexto pol\u00edtico e repercuss\u00e3o esperada<\/h2>\n<p>Diante do cen\u00e1rio de descentraliza\u00e7\u00e3o dos atos sindicais, a expectativa \u00e9 de que o principal ato de 1\u00ba de maio ocorra em S\u00e3o Bernardo do Campo, promovido pelo Sindicato dos Metal\u00fargicos do ABC, entidade filiada \u00e0 CUT que foi historicamente presidida por Lula nos anos 1970, refor\u00e7ando a conex\u00e3o simb\u00f3lica do presidente com o movimento sindical brasileiro.<\/p>","protected":false},"excerpt":{"rendered":"<p>Lula faz pronunciamento na TV nesta sexta-feira anunciando pacote de medidas contra endividamento das fam\u00edlias. Confira detalhes e condi\u00e7\u00f5es.<\/p>","protected":false},"author":4,"featured_media":25437,"comment_status":"open","ping_status":"open","sticky":false,"template":"","format":"standard","meta":{"_crdt_document":"","footnotes":""},"categories":[7],"tags":[],"class_list":["post-25439","post","type-post","status-publish","format-standard","has-post-thumbnail","hentry","category-politica"],"brizy_media":[],"_links":{"self":[{"href":"https:\/\/jornalcorporativo.com.br\/en\/wp-json\/wp\/v2\/posts\/25439","targetHints":{"allow":["GET"]}}],"collection":[{"href":"https:\/\/jornalcorporativo.com.br\/en\/wp-json\/wp\/v2\/posts"}],"about":[{"href":"https:\/\/jornalcorporativo.com.br\/en\/wp-json\/wp\/v2\/types\/post"}],"author":[{"embeddable":true,"href":"https:\/\/jornalcorporativo.com.br\/en\/wp-json\/wp\/v2\/users\/4"}],"replies":[{"embeddable":true,"href":"https:\/\/jornalcorporativo.com.br\/en\/wp-json\/wp\/v2\/comments?post=25439"}],"version-history":[{"count":0,"href":"https:\/\/jornalcorporativo.com.br\/en\/wp-json\/wp\/v2\/posts\/25439\/revisions"}],"wp:featuredmedia":[{"embeddable":true,"href":"https:\/\/jornalcorporativo.com.br\/en\/wp-json\/wp\/v2\/media\/25437"}],"wp:attachment":[{"href":"https:\/\/jornalcorporativo.com.br\/en\/wp-json\/wp\/v2\/media?parent=25439"}],"wp:term":[{"taxonomy":"category","embeddable":true,"href":"https:\/\/jornalcorporativo.com.br\/en\/wp-json\/wp\/v2\/categories?post=25439"},{"taxonomy":"post_tag","embeddable":true,"href":"https:\/\/jornalcorporativo.com.br\/en\/wp-json\/wp\/v2\/tags?post=25439"}],"curies":[{"name":"wp","href":"https:\/\/api.w.org\/{rel}","templated":true}]}}