{"id":25445,"date":"2026-05-01T00:00:50","date_gmt":"2026-05-01T03:00:50","guid":{"rendered":"https:\/\/jornalcorporativo.com.br\/redacao\/vasco-desfalques-olimpia-sul-americana\/"},"modified":"2026-05-01T00:00:50","modified_gmt":"2026-05-01T03:00:50","slug":"vasco-desfalques-olimpia-sul-americana","status":"publish","type":"post","link":"https:\/\/jornalcorporativo.com.br\/en\/esportes\/vasco-desfalques-olimpia-sul-americana\/","title":{"rendered":"Vasco confirma desfalques para enfrentar Olimpia na Sul-Americana com Thiago Mendes e G\u00f3mez fora"},"content":{"rendered":"<h2>Boletim M\u00e9dico do Vasco: Desfalques Confirmados para Partida contra Olimpia<\/h2>\n<p>O Vasco da Gama atualizou seu boletim m\u00e9dico antes do confronto contra o Olimpia, v\u00e1lido pela terceira rodada da fase de grupos da Copa Sul-Americana. A partida est\u00e1 marcada para esta quinta-feira, \u00e0s 19h, no est\u00e1dio de S\u00e3o Janu\u00e1rio, e contar\u00e1 com importantes aus\u00eancias no elenco cruz-maltino.<\/p>\n<h2>Situa\u00e7\u00e3o de Thiago Mendes e Lateral Cuiabano<\/h2>\n<p>O volante e capit\u00e3o <strong>Thiago Mendes<\/strong> evoluiu bem na recupera\u00e7\u00e3o ap\u00f3s sofrer uma tor\u00e7\u00e3o no tornozelo durante a partida contra o Corinthians. Apesar do progresso, a comiss\u00e3o t\u00e9cnica decidiu poupar o jogador visando seu retorno no cl\u00e1ssico contra o Flamengo, agendado para domingo (2), pelo Campeonato Brasileiro.<\/p>\n<p>O lateral <strong>Cuiabano<\/strong> foi substitu\u00eddo no jogo anterior com dores musculares. Ap\u00f3s realizar exame de imagem, constatou-se um edema na musculatura posterior da coxa esquerda. O defensor j\u00e1 iniciou o tratamento adequado e realiza atividades controladas no campo, buscando se recuperar o quanto antes.<\/p>\n<h2>Desfalques Adicionais: G\u00f3mez, JP e Cuesta<\/h2>\n<p>Um desfalque inesperado \u00e9 o do atacante colombiano <strong>Andr\u00e9s G\u00f3mez<\/strong>, que sofreu uma les\u00e3o muscular (tost\u00e3o na coxa esquerda) durante a partida disputada em S\u00e3o Paulo. O jogador ser\u00e1 poupado do duelo contra o Olimpia para evitar poss\u00edveis complica\u00e7\u00f5es na les\u00e3o.<\/p>\n<p>Al\u00e9m destes, <strong>JP e Cuesta<\/strong> tamb\u00e9m est\u00e3o fora da rela\u00e7\u00e3o de jogadores dispon\u00edveis. Os dois cumprem suspens\u00e3o autom\u00e1tica pela expuls\u00e3o recebida no confronto contra o Audax Italiano, impossibilitando suas participa\u00e7\u00f5es na partida.<\/p>\n<h2>Estrat\u00e9gia do Vasco Priorizando o Campeonato Brasileiro<\/h2>\n<p>Mantendo seu planejamento estrat\u00e9gico de priorizar o Campeonato Brasileiro, a tend\u00eancia \u00e9 que nenhum dos tr\u00eas jogadores lesionados come\u00e7asse no time titular. Normalmente, seriam relacionados para poss\u00edvel utiliza\u00e7\u00e3o ao longo da partida, mas agora a equipe t\u00e9cnica precisar\u00e1 reformular suas op\u00e7\u00f5es.<\/p>\n<p>Com tr\u00eas de suas principais pe\u00e7as fora da rela\u00e7\u00e3o, o Vasco enfrenta um desafio consider\u00e1vel contra o Olimpia. A vit\u00f3ria se torna fundamental para que a equipe ganhe f\u00f4lego na competi\u00e7\u00e3o e melhore suas chances de classifica\u00e7\u00e3o para a fase de mata-mata da Copa Sul-Americana. O time precisar\u00e1 contar com seus jogadores dispon\u00edveis para superar essa dificuldade e continuar suas aspira\u00e7\u00f5es na competi\u00e7\u00e3o continental.<\/p>","protected":false},"excerpt":{"rendered":"<p>Vasco confirma desfalques para enfrentar Olimpia na Sul-Americana. Thiago Mendes, G\u00f3mez, JP e Cuesta fora do jogo desta quinta.<\/p>","protected":false},"author":4,"featured_media":25443,"comment_status":"open","ping_status":"open","sticky":false,"template":"","format":"standard","meta":{"_crdt_document":"","footnotes":""},"categories":[6],"tags":[],"class_list":["post-25445","post","type-post","status-publish","format-standard","has-post-thumbnail","hentry","category-esportes"],"brizy_media":[],"_links":{"self":[{"href":"https:\/\/jornalcorporativo.com.br\/en\/wp-json\/wp\/v2\/posts\/25445","targetHints":{"allow":["GET"]}}],"collection":[{"href":"https:\/\/jornalcorporativo.com.br\/en\/wp-json\/wp\/v2\/posts"}],"about":[{"href":"https:\/\/jornalcorporativo.com.br\/en\/wp-json\/wp\/v2\/types\/post"}],"author":[{"embeddable":true,"href":"https:\/\/jornalcorporativo.com.br\/en\/wp-json\/wp\/v2\/users\/4"}],"replies":[{"embeddable":true,"href":"https:\/\/jornalcorporativo.com.br\/en\/wp-json\/wp\/v2\/comments?post=25445"}],"version-history":[{"count":0,"href":"https:\/\/jornalcorporativo.com.br\/en\/wp-json\/wp\/v2\/posts\/25445\/revisions"}],"wp:featuredmedia":[{"embeddable":true,"href":"https:\/\/jornalcorporativo.com.br\/en\/wp-json\/wp\/v2\/media\/25443"}],"wp:attachment":[{"href":"https:\/\/jornalcorporativo.com.br\/en\/wp-json\/wp\/v2\/media?parent=25445"}],"wp:term":[{"taxonomy":"category","embeddable":true,"href":"https:\/\/jornalcorporativo.com.br\/en\/wp-json\/wp\/v2\/categories?post=25445"},{"taxonomy":"post_tag","embeddable":true,"href":"https:\/\/jornalcorporativo.com.br\/en\/wp-json\/wp\/v2\/tags?post=25445"}],"curies":[{"name":"wp","href":"https:\/\/api.w.org\/{rel}","templated":true}]}}