{"id":25447,"date":"2026-05-01T00:00:51","date_gmt":"2026-05-01T03:00:51","guid":{"rendered":"https:\/\/jornalcorporativo.com.br\/redacao\/messias-versiculo-rejeicao-stf\/"},"modified":"2026-05-01T00:00:51","modified_gmt":"2026-05-01T03:00:51","slug":"messias-versiculo-rejeicao-stf","status":"publish","type":"post","link":"https:\/\/jornalcorporativo.com.br\/en\/politica\/messias-versiculo-rejeicao-stf\/","title":{"rendered":"Messias publica vers\u00edculo b\u00edblico ap\u00f3s rejei\u00e7\u00e3o ao STF: &#8216;N\u00e3o tenho medo de dez mil inimigos&#8217;"},"content":{"rendered":"<h2>Mensagem de f\u00e9 ap\u00f3s rejei\u00e7\u00e3o senatorial<\/h2>\n<p>Um dia ap\u00f3s ter sua indica\u00e7\u00e3o ao Supremo Tribunal Federal (STF) rejeitada pelo Senado, o ministro da Advocacia-Geral da Uni\u00e3o, Jorge Messias, compartilhou um vers\u00edculo b\u00edblico em suas redes sociais. A publica\u00e7\u00e3o traz um trecho do Livro dos Salmos que expressa confian\u00e7a e f\u00e9 diante de adversidades: <strong>&#8220;Deitei-me e dormi; acordei em seguran\u00e7a, pois o SENHOR me guardava. N\u00e3o tenho medo de dez mil inimigos que me cercam de todos os lados&#8221;<\/strong>.<\/p>\n<p>A mensagem, publicada horas ap\u00f3s a vota\u00e7\u00e3o desfavor\u00e1vel, reflete o posicionamento do ministro em rela\u00e7\u00e3o ao resultado da sess\u00e3o plen\u00e1ria. O gesto de compartilhar um vers\u00edculo de esperan\u00e7a e prote\u00e7\u00e3o divina resonou entre apoiadores do nome de Messias para a corte suprema brasileira.<\/p>\n<h2>Apoio de parlamentares petistas<\/h2>\n<p>A rejei\u00e7\u00e3o da indica\u00e7\u00e3o n\u00e3o passou despercebida por aliados pol\u00edticos de Messias. <strong>A senadora petista Eliziane Gama (MA)<\/strong>, que votou favoravelmente ao nome do ministro, deixou um coment\u00e1rio expressando solidariedade. &#8220;Na sua vida esse \u00e9 apenas o meio da caminhada. Quem honra a Deus nunca perde. Vc disse pro Brasil que Deus \u00e9 Deus sem jamais deixar de defender a institucionalidade&#8221;, escreveu a parlamentar.<\/p>\n<p>Na rede social X (antigo Twitter), a <strong>deputada federal Gleisi Hoffmann<\/strong> tamb\u00e9m lamentou o resultado. Segundo ela, a decis\u00e3o senatorial privou o pa\u00eds de uma oportunidade: &#8220;Os 42 senadores que rejeitaram seu nome privaram o pa\u00eds de uma pessoa muito qualificado para ser ministro do STF&#8221;.<\/p>\n<h2>Cr\u00edticas ao processo de vota\u00e7\u00e3o<\/h2>\n<p>O <strong>senador petista Fabiano Comparato<\/strong> tamb\u00e9m se manifestou sobre a rejei\u00e7\u00e3o, questionando os crit\u00e9rios utilizados pelos senadores na vota\u00e7\u00e3o. &#8220;Quando interesses ideol\u00f3gicos se sobrep\u00f5em \u00e0 responsabilidade constitucional, perde-se a oportunidade de fortalecer a Justi\u00e7a, a democracia e a estabilidade republicana&#8221;, afirmou o parlamentar.<\/p>\n<p>A rejei\u00e7\u00e3o da indica\u00e7\u00e3o de Messias marca um momento relevante no processo de escolha de ministros para o STF, evidenciando divis\u00f5es pol\u00edticas e diferen\u00e7as de opini\u00e3o sobre os crit\u00e9rios que devem orientar tais decis\u00f5es. A resposta do ministro atrav\u00e9s da mensagem espiritual demonstra uma estrat\u00e9gia de enfrentamento focada na dimens\u00e3o pessoal e de f\u00e9.<\/p>","protected":false},"excerpt":{"rendered":"<p>Messias publica vers\u00edculo b\u00edblico ap\u00f3s rejei\u00e7\u00e3o ao STF. Ministro recebe apoio de parlamentares petistas ap\u00f3s vota\u00e7\u00e3o desfavor\u00e1vel.<\/p>","protected":false},"author":4,"featured_media":25444,"comment_status":"open","ping_status":"open","sticky":false,"template":"","format":"standard","meta":{"_crdt_document":"","footnotes":""},"categories":[7],"tags":[],"class_list":["post-25447","post","type-post","status-publish","format-standard","has-post-thumbnail","hentry","category-politica"],"brizy_media":[],"_links":{"self":[{"href":"https:\/\/jornalcorporativo.com.br\/en\/wp-json\/wp\/v2\/posts\/25447","targetHints":{"allow":["GET"]}}],"collection":[{"href":"https:\/\/jornalcorporativo.com.br\/en\/wp-json\/wp\/v2\/posts"}],"about":[{"href":"https:\/\/jornalcorporativo.com.br\/en\/wp-json\/wp\/v2\/types\/post"}],"author":[{"embeddable":true,"href":"https:\/\/jornalcorporativo.com.br\/en\/wp-json\/wp\/v2\/users\/4"}],"replies":[{"embeddable":true,"href":"https:\/\/jornalcorporativo.com.br\/en\/wp-json\/wp\/v2\/comments?post=25447"}],"version-history":[{"count":0,"href":"https:\/\/jornalcorporativo.com.br\/en\/wp-json\/wp\/v2\/posts\/25447\/revisions"}],"wp:featuredmedia":[{"embeddable":true,"href":"https:\/\/jornalcorporativo.com.br\/en\/wp-json\/wp\/v2\/media\/25444"}],"wp:attachment":[{"href":"https:\/\/jornalcorporativo.com.br\/en\/wp-json\/wp\/v2\/media?parent=25447"}],"wp:term":[{"taxonomy":"category","embeddable":true,"href":"https:\/\/jornalcorporativo.com.br\/en\/wp-json\/wp\/v2\/categories?post=25447"},{"taxonomy":"post_tag","embeddable":true,"href":"https:\/\/jornalcorporativo.com.br\/en\/wp-json\/wp\/v2\/tags?post=25447"}],"curies":[{"name":"wp","href":"https:\/\/api.w.org\/{rel}","templated":true}]}}