{"id":25451,"date":"2026-05-01T04:01:48","date_gmt":"2026-05-01T07:01:48","guid":{"rendered":"https:\/\/jornalcorporativo.com.br\/redacao\/britney-spears-acusada-dirigir-drogas-alcool\/"},"modified":"2026-05-01T04:01:48","modified_gmt":"2026-05-01T07:01:48","slug":"britney-spears-acusada-dirigir-drogas-alcool","status":"publish","type":"post","link":"https:\/\/jornalcorporativo.com.br\/en\/justica-em-foco\/britney-spears-acusada-dirigir-drogas-alcool\/","title":{"rendered":"Britney Spears acusada de dirigir sob efeito de drogas e \u00e1lcool: conhe\u00e7a os detalhes do caso"},"content":{"rendered":"<h2>Acusa\u00e7\u00e3o criminal contra Britney Spears<\/h2>\n<p>A promotoria do Condado de Ventura apresentou formalmente acusa\u00e7\u00f5es contra Britney Spears nesta quinta-feira (30) por dirigir sob a influ\u00eancia de drogas e \u00e1lcool. A den\u00fancia criminal, classificada como delito menor, n\u00e3o especificou qual tipo de droga teria sido consumida pela cantora, conforme informou o gabinete do promotor distrital. A ic\u00f4nica estrela pop dever\u00e1 comparecer ao Tribunal Superior do Condado de Ventura na segunda-feira para responder pelas acusa\u00e7\u00f5es, embora as autoridades tenham indicado que sua presen\u00e7a n\u00e3o \u00e9 obrigat\u00f3ria nesta fase inicial do processo.<\/p>\n<h2>Detalhes do incidente de mar\u00e7o<\/h2>\n<p>O incidente que levou \u00e0 acusa\u00e7\u00e3o ocorreu na noite de 4 de mar\u00e7o, quando policiais da Patrulha Rodovi\u00e1ria da Calif\u00f3rnia observaram Britney Spears dirigindo em alta velocidade e de forma err\u00e1tica. De acordo com o porta-voz da pol\u00edcia, Ryan Ayers, a cantora foi presa sob suspeita de dirigir sob influ\u00eancia. Na \u00e9poca, representantes da artista emitiram um comunicado descrevendo a situa\u00e7\u00e3o como &#8220;um incidente lament\u00e1vel e completamente indesculp\u00e1vel&#8221;, reafirmando o compromisso de Spears em cumprir a lei e buscar mudan\u00e7as em sua vida.<\/p>\n<h2>Possibilidades de acordo judicial<\/h2>\n<p>Segundo os promotores, Britney Spears ter\u00e1 a oportunidade de negociar um acordo judicial que lhe permitiria evitar a pris\u00e3o. Em casos que envolvem n\u00edveis baixos de \u00e1lcool no sangue, sem colis\u00f5es ou ferimentos, \u00e9 comum que r\u00e9us cheguem a resolu\u00e7\u00f5es fora dos tribunais. Esse tipo de acordo t\u00edpico inclui liberdade condicional, participa\u00e7\u00e3o em um curso sobre dire\u00e7\u00e3o sob efeito de \u00e1lcool e pagamento de multa. Os promotores tamb\u00e9m mencionaram que a inscri\u00e7\u00e3o volunt\u00e1ria em um programa de tratamento para depend\u00eancia de drogas e \u00e1lcool pode ser um fator positivo na negocia\u00e7\u00e3o.<\/p>\n<h2>Reabilita\u00e7\u00e3o volunt\u00e1ria<\/h2>\n<p>Aproximadamente um m\u00eas ap\u00f3s sua pris\u00e3o em mar\u00e7o, representantes de Britney Spears anunciaram que ela havia se internado voluntariamente em uma cl\u00ednica de reabilita\u00e7\u00e3o. No entanto, o tipo espec\u00edfico de programa n\u00e3o foi divulgado publicamente. Este passo foi interpretado como uma iniciativa positiva para lidar com quest\u00f5es pessoais que vinham preocupando seus seguidores h\u00e1 tempos.<\/p>\n<h2>Hist\u00f3rico e contexto da carreira de Britney Spears<\/h2>\n<p>Britney Spears tornou-se uma das maiores estrelas pop do mundo no final da d\u00e9cada de 1990 e in\u00edcio dos anos 2000, com sucessos memor\u00e1veis como &#8220;Baby One More Time&#8221;. Sua imagem de garota comum foi central para sua marca durante anos, mas ela frequentemente se viu no centro de controv\u00e9rsias amplamente cobertas pela m\u00eddia de celebridades. Um momento marcante ocorreu em 2007, quando foi fotografada raspando a pr\u00f3pria cabe\u00e7a e golpeando o carro de um fot\u00f3grafo com um guarda-chuva.<\/p>\n<h2>A controvertida tutela e liberta\u00e7\u00e3o<\/h2>\n<p>Em 2008, aos 26 anos, Britney foi colocada sob tutela, cedendo o controle de sua vida e finan\u00e7as a seu pai, Jamie Spears. Apesar dessa restri\u00e7\u00e3o legal, ela continuou produzindo m\u00fasica e realizando turn\u00eas internacionais. Ap\u00f3s 13 anos sob essa condi\u00e7\u00e3o, Spears contestou a tutela em um discurso apaixonado ao tribunal, revelando acusa\u00e7\u00f5es de ter sido drogada, for\u00e7ada a trabalhar involuntariamente e submetida a avalia\u00e7\u00f5es m\u00e9dicas e reabilita\u00e7\u00e3o sem consentimento. O juiz finalmente encerrou o acordo de tutela em novembro de 2021, marcando um ponto de virada significativo em sua vida pessoal.<\/p>\n<h2>Mem\u00f3rias e sa\u00fade mental<\/h2>\n<p>Em seu livro de mem\u00f3rias lan\u00e7ado em 2023, &#8220;The Woman in Me&#8221;, Spears refutou as alega\u00e7\u00f5es de abuso persistente de subst\u00e2ncias. A cantora escreveu que seu consumo de \u00e1lcool nunca esteve &#8220;fora de controle&#8221; e identificou o Adderall, um medicamento prescrito para tratar o transtorno de d\u00e9ficit de aten\u00e7\u00e3o\/hiperatividade (TDAH), como sua &#8220;droga de escolha&#8221;. Essa revela\u00e7\u00e3o apresentou uma perspectiva diferente sobre sua sa\u00fade mental e uso de subst\u00e2ncias.<\/p>\n<h2>Preocupa\u00e7\u00f5es recentes com seu bem-estar<\/h2>\n<p>Nos \u00faltimos meses anteriores ao incidente, postagens de Britney Spears no Instagram geraram preocupa\u00e7\u00e3o entre seus seguidores. V\u00eddeos nos quais ela dan\u00e7ava sozinha frequentemente a mostravam desarrumada ou com bandagens nas m\u00e3os e pulsos, levantando quest\u00f5es sobre seu estado emocional e bem-estar geral. Ap\u00f3s sua pris\u00e3o, seus representantes afirmaram que &#8220;entes queridos elaborariam um plano necess\u00e1rio e h\u00e1 muito esperado para garantir seu bem-estar&#8221;. Posteriormente, Spears compartilhou v\u00eddeos passando tempo com seus filhos adultos, sinalizando uma tentativa de fortalecer relacionamentos familiares que \u00e0s vezes haviam sido distantes.<\/p>","protected":false},"excerpt":{"rendered":"<p>Britney Spears acusada de dirigir sob efeito de drogas e \u00e1lcool. Conhe\u00e7a os detalhes do caso, acusa\u00e7\u00e3o criminal e possibilidades de acordo judicial.<\/p>","protected":false},"author":4,"featured_media":25449,"comment_status":"open","ping_status":"open","sticky":false,"template":"","format":"standard","meta":{"_crdt_document":"","footnotes":""},"categories":[39],"tags":[],"class_list":["post-25451","post","type-post","status-publish","format-standard","has-post-thumbnail","hentry","category-justica-em-foco"],"brizy_media":[],"_links":{"self":[{"href":"https:\/\/jornalcorporativo.com.br\/en\/wp-json\/wp\/v2\/posts\/25451","targetHints":{"allow":["GET"]}}],"collection":[{"href":"https:\/\/jornalcorporativo.com.br\/en\/wp-json\/wp\/v2\/posts"}],"about":[{"href":"https:\/\/jornalcorporativo.com.br\/en\/wp-json\/wp\/v2\/types\/post"}],"author":[{"embeddable":true,"href":"https:\/\/jornalcorporativo.com.br\/en\/wp-json\/wp\/v2\/users\/4"}],"replies":[{"embeddable":true,"href":"https:\/\/jornalcorporativo.com.br\/en\/wp-json\/wp\/v2\/comments?post=25451"}],"version-history":[{"count":0,"href":"https:\/\/jornalcorporativo.com.br\/en\/wp-json\/wp\/v2\/posts\/25451\/revisions"}],"wp:featuredmedia":[{"embeddable":true,"href":"https:\/\/jornalcorporativo.com.br\/en\/wp-json\/wp\/v2\/media\/25449"}],"wp:attachment":[{"href":"https:\/\/jornalcorporativo.com.br\/en\/wp-json\/wp\/v2\/media?parent=25451"}],"wp:term":[{"taxonomy":"category","embeddable":true,"href":"https:\/\/jornalcorporativo.com.br\/en\/wp-json\/wp\/v2\/categories?post=25451"},{"taxonomy":"post_tag","embeddable":true,"href":"https:\/\/jornalcorporativo.com.br\/en\/wp-json\/wp\/v2\/tags?post=25451"}],"curies":[{"name":"wp","href":"https:\/\/api.w.org\/{rel}","templated":true}]}}