{"id":25453,"date":"2026-05-01T04:01:48","date_gmt":"2026-05-01T07:01:48","guid":{"rendered":"https:\/\/jornalcorporativo.com.br\/redacao\/ataque-faca-escola-tacoma-washington-feridos\/"},"modified":"2026-05-01T04:01:48","modified_gmt":"2026-05-01T07:01:48","slug":"ataque-faca-escola-tacoma-washington-feridos","status":"publish","type":"post","link":"https:\/\/jornalcorporativo.com.br\/en\/internacional\/ataque-faca-escola-tacoma-washington-feridos\/","title":{"rendered":"Ataque a Faca em Escola de Tacoma deixa 5 Pessoas Feridas nos EUA"},"content":{"rendered":"<h2>Incidente em Escola de Ensino M\u00e9dio nos Estados Unidos<\/h2>\n<p>Um incidente grave ocorreu na tarde de quinta-feira em uma escola de Ensino M\u00e9dio localizada em Tacoma, Washington, nos Estados Unidos. Pelo menos cinco pessoas ficaram feridas em um <strong>ataque a faca<\/strong> que surpreendeu alunos, professores e funcion\u00e1rios da institui\u00e7\u00e3o. O epis\u00f3dio levanta quest\u00f5es sobre seguran\u00e7a nas escolas americanas e protocolos de prote\u00e7\u00e3o em ambientes educacionais.<\/p>\n<h2>Detalhes do Incidente<\/h2>\n<p>De acordo com informa\u00e7\u00f5es divulgadas pela m\u00eddia norte-americana, as v\u00edtimas incluem quatro estudantes e um seguran\u00e7a da escola. O ataque teria resultado de uma briga que ocorreu nas depend\u00eancias da institui\u00e7\u00e3o, embora ainda n\u00e3o esteja completamente claro se todas as pessoas foram atingidas diretamente pelo agressor ou se algumas ficaram feridas ao tentar fugir da situa\u00e7\u00e3o.<\/p>\n<p>As autoridades locais, incluindo policiais e equipes de emerg\u00eancia, foram rapidamente acionadas ap\u00f3s o incidente ser reportado. Socorristas prestaram atendimento imediato \u00e0s v\u00edtimas no local antes do transporte para os hospitais. O trabalho coordenado entre diferentes \u00f3rg\u00e3os foi essencial para controlar a situa\u00e7\u00e3o de crise.<\/p>\n<h2>Condi\u00e7\u00e3o das V\u00edtimas e Investiga\u00e7\u00e3o<\/h2>\n<p>Segundo as primeiras informa\u00e7\u00f5es da m\u00eddia local, quatro das cinco v\u00edtimas encontram-se em estado grave. No entanto, as autoridades ainda n\u00e3o divulgaram detalhes espec\u00edficos sobre o tipo e a gravidade dos ferimentos, nem confirmaram se h\u00e1 risco de vida para alguma das pessoas afetadas. Todas as cinco v\u00edtimas foram transportadas para um hospital local para receberem tratamento adequado.<\/p>\n<p>A investiga\u00e7\u00e3o sobre o ocorrido segue em andamento, com policiais trabalhando intensamente na unidade hospitalar para obter depoimentos e informa\u00e7\u00f5es sobre os eventos que levaram ao ataque. Um aspecto particularmente intrigante da investiga\u00e7\u00e3o envolve a origem da faca utilizada no incidente. As autoridades ainda n\u00e3o conseguiram estabelecer de onde o suspeito obteve a arma branca.<\/p>\n<h2>Seguran\u00e7a e Situa\u00e7\u00e3o Atual<\/h2>\n<p>O suspeito respons\u00e1vel pelo ataque foi <strong>localizado e detido pela pol\u00edcia<\/strong> ainda durante o dia. Ap\u00f3s sua pris\u00e3o, a escola e a \u00e1rea do incidente foram declaradas seguras pelas autoridades. A pol\u00edcia continua trabalhando no hospital para coletar mais informa\u00e7\u00f5es e investigar as circunst\u00e2ncias completas que resultaram em tal viol\u00eancia.<\/p>\n<p>Este incidente reacende o debate sobre seguran\u00e7a em institui\u00e7\u00f5es educacionais nos Estados Unidos e a necessidade de medidas preventivas mais robustas. Escolas em todo o pa\u00eds frequentemente implementam protocolos de seguran\u00e7a, como detectores de metais e pessoal de seguran\u00e7a, para prevenir situa\u00e7\u00f5es como essa.<\/p>\n<p>As comunidades escolar e local aguardam mais informa\u00e7\u00f5es conforme a investiga\u00e7\u00e3o avan\u00e7a, enquanto as v\u00edtimas recebem cuidados m\u00e9dicos e psicol\u00f3gicos necess\u00e1rios para lidar com o trauma do incidente.<\/p>","protected":false},"excerpt":{"rendered":"<p>Ataque a faca em escola de Tacoma, Washington deixa 5 feridos. Quatro estudantes e um seguran\u00e7a em estado grave. Suspeito detido.<\/p>","protected":false},"author":4,"featured_media":25450,"comment_status":"open","ping_status":"open","sticky":false,"template":"","format":"standard","meta":{"_crdt_document":"","footnotes":""},"categories":[2],"tags":[],"class_list":["post-25453","post","type-post","status-publish","format-standard","has-post-thumbnail","hentry","category-internacional"],"brizy_media":[],"_links":{"self":[{"href":"https:\/\/jornalcorporativo.com.br\/en\/wp-json\/wp\/v2\/posts\/25453","targetHints":{"allow":["GET"]}}],"collection":[{"href":"https:\/\/jornalcorporativo.com.br\/en\/wp-json\/wp\/v2\/posts"}],"about":[{"href":"https:\/\/jornalcorporativo.com.br\/en\/wp-json\/wp\/v2\/types\/post"}],"author":[{"embeddable":true,"href":"https:\/\/jornalcorporativo.com.br\/en\/wp-json\/wp\/v2\/users\/4"}],"replies":[{"embeddable":true,"href":"https:\/\/jornalcorporativo.com.br\/en\/wp-json\/wp\/v2\/comments?post=25453"}],"version-history":[{"count":0,"href":"https:\/\/jornalcorporativo.com.br\/en\/wp-json\/wp\/v2\/posts\/25453\/revisions"}],"wp:featuredmedia":[{"embeddable":true,"href":"https:\/\/jornalcorporativo.com.br\/en\/wp-json\/wp\/v2\/media\/25450"}],"wp:attachment":[{"href":"https:\/\/jornalcorporativo.com.br\/en\/wp-json\/wp\/v2\/media?parent=25453"}],"wp:term":[{"taxonomy":"category","embeddable":true,"href":"https:\/\/jornalcorporativo.com.br\/en\/wp-json\/wp\/v2\/categories?post=25453"},{"taxonomy":"post_tag","embeddable":true,"href":"https:\/\/jornalcorporativo.com.br\/en\/wp-json\/wp\/v2\/tags?post=25453"}],"curies":[{"name":"wp","href":"https:\/\/api.w.org\/{rel}","templated":true}]}}