{"id":25458,"date":"2026-05-01T08:00:51","date_gmt":"2026-05-01T11:00:51","guid":{"rendered":"https:\/\/jornalcorporativo.com.br\/redacao\/shakira-copacabana-metro-rio-24-horas\/"},"modified":"2026-05-01T08:00:51","modified_gmt":"2026-05-01T11:00:51","slug":"shakira-copacabana-metro-rio-24-horas","status":"publish","type":"post","link":"https:\/\/jornalcorporativo.com.br\/en\/brasil\/shakira-copacabana-metro-rio-24-horas\/","title":{"rendered":"Shakira em Copacabana: Metr\u00f4 do Rio funciona 24 horas e confira as regras para o show"},"content":{"rendered":"<h2>Opera\u00e7\u00e3o Especial do Metr\u00f4Rio para Show de Shakira em Copacabana<\/h2>\n<p>O Metr\u00f4Rio implementar\u00e1 um esquema operacional in\u00e9dito para atender aos espectadores do megashow de Shakira na Praia de Copacabana no pr\u00f3ximo s\u00e1bado. As tr\u00eas esta\u00e7\u00f5es localizadas no bairro \u2014 Cardeal Arcoverde, Cantagalo e Siqueira Campos \u2014 funcionar\u00e3o ininterruptamente 24 horas, iniciando opera\u00e7\u00f5es \u00e0s 5h de s\u00e1bado e encerrando \u00e0s 23h de domingo. A apresenta\u00e7\u00e3o da artista colombiana est\u00e1 marcada para aproximadamente 21h45, mas o evento contar\u00e1 com atra\u00e7\u00f5es desde as 17h30, com a participa\u00e7\u00e3o do DJ Vintage Culture.<\/p>\n<h2>Funcionamento Especial das Linhas de Metr\u00f4<\/h2>\n<p>As demais esta\u00e7\u00f5es do sistema metrovi\u00e1rio carioca funcionar\u00e3o conforme o hor\u00e1rio habitual, das 5h \u00e0 meia-noite. Ap\u00f3s o fechamento convencional, as esta\u00e7\u00f5es permanecer\u00e3o abertas exclusivamente para desembarque do p\u00fablico do show at\u00e9 as 7h de domingo. Durante o s\u00e1bado e at\u00e9 \u00e0s 7h de domingo, a Linha 2 operar\u00e1 entre Pavuna e General Os\u00f3rio\/Ipanema, enquanto as linhas 1 e 4 seguir\u00e3o o trajeto Uruguai\/Tijuca e Jardim Oce\u00e2nico\/Barra da Tijuca. A transfer\u00eancia entre as linhas 1 e 2 poder\u00e1 ser realizada no trecho entre as esta\u00e7\u00f5es General Os\u00f3rio\/Ipanema e Central do Brasil\/Centro, com todos os trens direcionados para as esta\u00e7\u00f5es de Copacabana.<\/p>\n<p>A partir de domingo \u00e0s 7h, a Linha 2 retomar\u00e1 seu trajeto normal entre Pavuna e Botafogo, permitindo integra\u00e7\u00e3o entre as linhas 1 e 2 no trecho Central do Brasil\/Centro e Botafogo. As linhas 1 e 4 continuar\u00e3o operando entre Uruguai e Jardim Oce\u00e2nico\/Barra da Tijuca nos dois dias.<\/p>\n<h2>Orienta\u00e7\u00f5es de Embarque e Desembarque<\/h2>\n<p>A concession\u00e1ria recomenda que os passageiros desembarquem preferencialmente na esta\u00e7\u00e3o Siqueira Campos durante a ida ao show. A esta\u00e7\u00e3o Cardeal Arcoverde funcionar\u00e1 apenas para desembarque das 16h \u00e0s 22h; ap\u00f3s este hor\u00e1rio, operar\u00e1 exclusivamente para embarque com cart\u00f5es pr\u00e9-adquiridos ou m\u00e9todos de pagamento por aproxima\u00e7\u00e3o (NFC). No retorno, a orienta\u00e7\u00e3o \u00e9 utilizar novamente a esta\u00e7\u00e3o Siqueira Campos para embarque, tendo em vista que oferece dois acessos, maior capacidade de embarque, bilheteria, equipamentos de controle de fluxo, comunica\u00e7\u00e3o dedicada e equipe refor\u00e7ada.<\/p>\n<h2>Sistema de Pulseiras para Retorno<\/h2>\n<p>O Metr\u00f4Rio implementar\u00e1 um sistema especial de pulseiras para o retorno do show, modelo semelhante ao adotado no r\u00e9veillon carioca. Esta pulseira visa agilizar o embarque na volta e evitar filas excessivas nas esta\u00e7\u00f5es pr\u00f3ximas \u00e0 praia, sendo v\u00e1lida de meia-noite \u00e0s 7h de domingo. O pre\u00e7o ser\u00e1 de R$ 15,80, equivalente \u00e0 soma das passagens de ida e volta (R$ 7,90 cada trecho). A venda ser\u00e1 realizada no pr\u00f3prio dia do evento, diretamente nas catracas, entre 6h e 22h, com exce\u00e7\u00e3o das esta\u00e7\u00f5es de Copacabana. Ser\u00e3o aceitos RioCard, Ja\u00e9, NFC, cart\u00f5es unit\u00e1rios, Giro e RioCard. De acordo com Marcelo Mancini, respons\u00e1vel pelo planejamento operacional do Metr\u00f4Rio, n\u00e3o \u00e9 necess\u00e1rio adquirir a pulseira com anteced\u00eancia.<\/p>\n<h2>Restri\u00e7\u00f5es e Regras de Seguran\u00e7a<\/h2>\n<p>Para garantir a seguran\u00e7a de todos os passageiros durante o s\u00e1bado e madrugada de domingo, o Metr\u00f4Rio pro\u00edbe o transporte de grandes volumes, caixas de isopor com gelo, garrafas de vidro, vasilhames, fogos de artif\u00edcio, cadeiras de praia, bicicletas, skates, patins, patinetes, hoverboards e pranchas de surf. \u00c9 igualmente proibido ingerir bebidas alco\u00f3licas e fumar nos trens e esta\u00e7\u00f5es. Tamb\u00e9m n\u00e3o ser\u00e1 permitido embarcar descal\u00e7o, sem camisa ou com trajes de banho.<\/p>\n<h2>Impacto Econ\u00f4mico do Evento<\/h2>\n<p>Estima-se que o show de Shakira movimentar\u00e1 aproximadamente R$ 800 milh\u00f5es na economia carioca, reafirmando a import\u00e2ncia de um planejamento operacional robusto para garantir a seguran\u00e7a e comodidade dos participantes do megaevento.<\/p>","protected":false},"excerpt":{"rendered":"<p>Metr\u00f4 do Rio funciona 24 horas para show de Shakira em Copacabana. Confira opera\u00e7\u00e3o especial, regras de embarque e sistema de pulseiras.<\/p>","protected":false},"author":4,"featured_media":25457,"comment_status":"open","ping_status":"open","sticky":false,"template":"","format":"standard","meta":{"_crdt_document":"","footnotes":""},"categories":[36],"tags":[],"class_list":["post-25458","post","type-post","status-publish","format-standard","has-post-thumbnail","hentry","category-brasil"],"brizy_media":[],"_links":{"self":[{"href":"https:\/\/jornalcorporativo.com.br\/en\/wp-json\/wp\/v2\/posts\/25458","targetHints":{"allow":["GET"]}}],"collection":[{"href":"https:\/\/jornalcorporativo.com.br\/en\/wp-json\/wp\/v2\/posts"}],"about":[{"href":"https:\/\/jornalcorporativo.com.br\/en\/wp-json\/wp\/v2\/types\/post"}],"author":[{"embeddable":true,"href":"https:\/\/jornalcorporativo.com.br\/en\/wp-json\/wp\/v2\/users\/4"}],"replies":[{"embeddable":true,"href":"https:\/\/jornalcorporativo.com.br\/en\/wp-json\/wp\/v2\/comments?post=25458"}],"version-history":[{"count":0,"href":"https:\/\/jornalcorporativo.com.br\/en\/wp-json\/wp\/v2\/posts\/25458\/revisions"}],"wp:featuredmedia":[{"embeddable":true,"href":"https:\/\/jornalcorporativo.com.br\/en\/wp-json\/wp\/v2\/media\/25457"}],"wp:attachment":[{"href":"https:\/\/jornalcorporativo.com.br\/en\/wp-json\/wp\/v2\/media?parent=25458"}],"wp:term":[{"taxonomy":"category","embeddable":true,"href":"https:\/\/jornalcorporativo.com.br\/en\/wp-json\/wp\/v2\/categories?post=25458"},{"taxonomy":"post_tag","embeddable":true,"href":"https:\/\/jornalcorporativo.com.br\/en\/wp-json\/wp\/v2\/tags?post=25458"}],"curies":[{"name":"wp","href":"https:\/\/api.w.org\/{rel}","templated":true}]}}