{"id":25459,"date":"2026-05-01T08:00:51","date_gmt":"2026-05-01T11:00:51","guid":{"rendered":"https:\/\/jornalcorporativo.com.br\/redacao\/noivas-bioestimuladores-colageno-maos-casamento\/"},"modified":"2026-05-01T08:00:51","modified_gmt":"2026-05-01T11:00:51","slug":"noivas-bioestimuladores-colageno-maos-casamento","status":"publish","type":"post","link":"https:\/\/jornalcorporativo.com.br\/en\/noticias\/noivas-bioestimuladores-colageno-maos-casamento\/","title":{"rendered":"Noivas apostam em bioestimuladores de col\u00e1geno nas m\u00e3os antes do casamento: conhe\u00e7a a tend\u00eancia"},"content":{"rendered":"<h2>A nova prioridade est\u00e9tica das noivas: m\u00e3os impec\u00e1veis no grande dia<\/h2>\n<p>Maio marca o in\u00edcio da temporada de casamentos, e com ela surge uma transforma\u00e7\u00e3o significativa na forma como as noivas planejam sua prepara\u00e7\u00e3o est\u00e9tica. Diferentemente do passado, quando o foco concentrava-se exclusivamente no vestido e na maquiagem do rosto, a aten\u00e7\u00e3o agora se estende para detalhes que ganham destaque em registros fotogr\u00e1ficos pr\u00f3ximos, particularmente as m\u00e3os. Esses momentos-chave, como a troca de alian\u00e7as, deixam as m\u00e3os em primeiro plano, demandando cuidados espec\u00edficos e tratamentos especializados.<\/p>\n<p>Essa mudan\u00e7a reflete uma transforma\u00e7\u00e3o mais ampla no conceito de beleza contempor\u00e2neo, cada vez mais orientado para a <strong>qualidade da pele e resultados progressivos<\/strong>. O envelhecimento passa a ser compreendido de forma integrada, reconhecendo que n\u00e3o adianta investir em tratamentos faciais e corporais se as m\u00e3os continuam apresentando sinais vis\u00edveis de perda de firmeza e elasticidade.<\/p>\n<h2>Bioestimuladores de col\u00e1geno: muito al\u00e9m dos gl\u00fateos<\/h2>\n<p>Os bioestimuladores de col\u00e1geno conquistam novos espa\u00e7os no mercado de est\u00e9tica, chegando a \u00e1reas que historicamente permaneciam fora do centro dos tratamentos. Segundo especialistas do setor, essa expans\u00e3o representa um avan\u00e7o significativo na abordagem integrada da beleza corporal. O procedimento atua na reorganiza\u00e7\u00e3o da pele ao longo do tempo, promovendo resultados naturais sem alterar contornos faciais ou corporais.<\/p>\n<p>Inicialmente associados a protocolos corporais, especialmente na regi\u00e3o dos gl\u00fateos, os bioestimuladores agora integram abordagens mais amplas. O tratamento alcan\u00e7a m\u00e3os, parte interna das coxas, rosto e abd\u00f4men, expandindo as possibilidades terap\u00eauticas. A l\u00f3gica deixa de ser puramente localizada e passa a considerar o corpo de forma mais uniforme, com foco na textura e sustenta\u00e7\u00e3o geral da pele.<\/p>\n<h3>Uma mudan\u00e7a de perspectiva no comportamento das pacientes<\/h3>\n<p>Os dados do mercado confirmam essa tend\u00eancia crescente. Cl\u00ednicas de est\u00e9tica especializadas registram um aumento consistente na procura por tratamentos com bioestimuladores de col\u00e1geno durante o m\u00eas de maio, per\u00edodo crucial para noivas. O crescimento na demanda por procedimentos voltados \u00e0 qualidade da pele alcan\u00e7a <strong>at\u00e9 30% em \u00e1reas expostas<\/strong>, refletindo a preocupa\u00e7\u00e3o das noivas em apresentar uma apar\u00eancia impec\u00e1vel.<\/p>\n<p>Existe uma mudan\u00e7a clara de prioridade entre as pacientes, que buscam resultados mais naturais e integrados. As m\u00e3os entram nesse processo de forma quase inevit\u00e1vel, pois s\u00e3o frequentemente fotografadas e vis\u00edveis durante toda a celebra\u00e7\u00e3o do casamento. O p\u00fablico feminino demonstra maior disposi\u00e7\u00e3o em investir em tratamentos que respeitem o tempo do corpo e a individualidade de cada pessoa.<\/p>\n<h2>De volume para qualidade: a revolu\u00e7\u00e3o est\u00e9tica contempor\u00e2nea<\/h2>\n<p>A transforma\u00e7\u00e3o no consumo de est\u00e9tica \u00e9 profunda e significativa. O foco deixou de ser apenas volume e passou a priorizar a qualidade da pele, redefinindo completamente a forma como os tratamentos s\u00e3o planejados. Profissionais de dermatologia observam que essa mudan\u00e7a beneficia as pacientes ao respeitar a individualidade de cada uma e promover resultados mais harmoniosos e duradouros.<\/p>\n<p>Essa perspectiva moderna de beleza enfatiza a <strong>sustenta\u00e7\u00e3o natural da pele<\/strong> e a manuten\u00e7\u00e3o da jovialidade sem transforma\u00e7\u00f5es radicais. Para noivas, isso significa poder chegar ao altar com m\u00e3os firmes, texturizadas e luminosas, complementando perfeitamente o trabalho realizado no rosto e corpo. A tend\u00eancia representa uma evolu\u00e7\u00e3o importante na ind\u00fastria de est\u00e9tica, colocando as necessidades individuais de cada mulher no centro da discuss\u00e3o sobre beleza e cuidados corporais.<\/p>","protected":false},"excerpt":{"rendered":"<p>Noivas investem em bioestimuladores de col\u00e1geno nas m\u00e3os antes do casamento. Conhe\u00e7a essa tend\u00eancia de beleza que transforma a prepara\u00e7\u00e3o est\u00e9tica das noivas.<\/p>","protected":false},"author":4,"featured_media":25454,"comment_status":"open","ping_status":"open","sticky":false,"template":"","format":"standard","meta":{"_crdt_document":"","footnotes":""},"categories":[269],"tags":[],"class_list":["post-25459","post","type-post","status-publish","format-standard","has-post-thumbnail","hentry","category-noticias"],"brizy_media":[],"_links":{"self":[{"href":"https:\/\/jornalcorporativo.com.br\/en\/wp-json\/wp\/v2\/posts\/25459","targetHints":{"allow":["GET"]}}],"collection":[{"href":"https:\/\/jornalcorporativo.com.br\/en\/wp-json\/wp\/v2\/posts"}],"about":[{"href":"https:\/\/jornalcorporativo.com.br\/en\/wp-json\/wp\/v2\/types\/post"}],"author":[{"embeddable":true,"href":"https:\/\/jornalcorporativo.com.br\/en\/wp-json\/wp\/v2\/users\/4"}],"replies":[{"embeddable":true,"href":"https:\/\/jornalcorporativo.com.br\/en\/wp-json\/wp\/v2\/comments?post=25459"}],"version-history":[{"count":0,"href":"https:\/\/jornalcorporativo.com.br\/en\/wp-json\/wp\/v2\/posts\/25459\/revisions"}],"wp:featuredmedia":[{"embeddable":true,"href":"https:\/\/jornalcorporativo.com.br\/en\/wp-json\/wp\/v2\/media\/25454"}],"wp:attachment":[{"href":"https:\/\/jornalcorporativo.com.br\/en\/wp-json\/wp\/v2\/media?parent=25459"}],"wp:term":[{"taxonomy":"category","embeddable":true,"href":"https:\/\/jornalcorporativo.com.br\/en\/wp-json\/wp\/v2\/categories?post=25459"},{"taxonomy":"post_tag","embeddable":true,"href":"https:\/\/jornalcorporativo.com.br\/en\/wp-json\/wp\/v2\/tags?post=25459"}],"curies":[{"name":"wp","href":"https:\/\/api.w.org\/{rel}","templated":true}]}}