{"id":25460,"date":"2026-05-01T08:00:51","date_gmt":"2026-05-01T11:00:51","guid":{"rendered":"https:\/\/jornalcorporativo.com.br\/redacao\/perda-peso-rapida-canetas-emagrecedoras-aparencia-facial\/"},"modified":"2026-05-01T08:00:51","modified_gmt":"2026-05-01T11:00:51","slug":"perda-peso-rapida-canetas-emagrecedoras-aparencia-facial","status":"publish","type":"post","link":"https:\/\/jornalcorporativo.com.br\/en\/saude-natural\/perda-peso-rapida-canetas-emagrecedoras-aparencia-facial\/","title":{"rendered":"Perda de Peso R\u00e1pida e Canetas Emagrecedoras: Como Afeta a Apar\u00eancia Facial"},"content":{"rendered":"<h2>A Rela\u00e7\u00e3o Entre Emagrecimento Acelerado e Mudan\u00e7as Faciais<\/h2>\n<p>A crescente popularidade de m\u00e9todos de perda de peso r\u00e1pida, como as canetas emagrecedoras e cirurgias bari\u00e1tricas, tem gerado uma nova preocupa\u00e7\u00e3o est\u00e9tica nos consult\u00f3rios: as altera\u00e7\u00f5es na sustenta\u00e7\u00e3o e apar\u00eancia do rosto. Quando a redu\u00e7\u00e3o de gordura corporal acontece de forma acelerada, especialmente na regi\u00e3o central da face, surgem sinais vis\u00edveis de envelhecimento precoce que afetam at\u00e9 mesmo pacientes jovens.<\/p>\n<p>Entre as principais mudan\u00e7as observadas est\u00e3o a flacidez na \u00e1rea malar, o aprofundamento do sulco nasogeniano e altera\u00e7\u00f5es na percep\u00e7\u00e3o de vitalidade facial. Esse fen\u00f4meno cria um descompasso evidente: enquanto o corpo celebra a transforma\u00e7\u00e3o pela perda de peso, o rosto pode adquirir caracter\u00edsticas associadas ao envelhecimento de forma inesperada, levando muitos pacientes a procurar interven\u00e7\u00f5es para recompor a estrutura facial.<\/p>\n<h2>O Desafio Est\u00e9tico da Transforma\u00e7\u00e3o Corporal R\u00e1pida<\/h2>\n<p>O grande desafio nesse cen\u00e1rio \u00e9 encontrar op\u00e7\u00f5es adequadas de tratamento. Tecnologias como radiofrequ\u00eancia, ultrassom microfocado e bioestimuladores atuam principalmente na qualidade da pele, sem abordar especificamente as mudan\u00e7as estruturais. Ao mesmo tempo, procedimentos cir\u00fargicos tradicionais ainda s\u00e3o percebidos como muito invasivos pela maioria dos pacientes.<\/p>\n<p>Segundo a m\u00e9dica especialista Thamy Motoki, da Revion International Clinic, esse perfil de paciente se tornou cada vez mais comum na pr\u00e1tica cl\u00ednica. S\u00e3o pessoas que j\u00e1 experimentaram diferentes abordagens minimamente invasivas, como tecnologias inovadoras ou fios de tra\u00e7\u00e3o, mas n\u00e3o obtiveram os resultados esperados. Ainda assim, demonstram resist\u00eancia a interven\u00e7\u00f5es cir\u00fargicas mais amplas, criando uma lacuna entre as t\u00e9cnicas conservadoras e o lifting facial cl\u00e1ssico.<\/p>\n<h2>Novas Alternativas Intermedi\u00e1rias Ganham Espa\u00e7o<\/h2>\n<p>Diante dessa demanda crescente, surgem propostas com foco mais estrutural, voltadas ao reposicionamento dos tecidos faciais. T\u00e9cnicas como o Nanolift Motoki ganham destaque por oferecerem uma abordagem menos invasiva, focando especificamente no reposicionamento da regi\u00e3o malar e na restaura\u00e7\u00e3o de propor\u00e7\u00f5es perdidas durante o emagrecimento.<\/p>\n<p>Essa nova abordagem prioriza a recupera\u00e7\u00e3o de caracter\u00edsticas faciais modificadas pelas transforma\u00e7\u00f5es corporais, em vez de promover altera\u00e7\u00f5es expressivas na fisionomia original. O foco deixa de ser exclusivamente a suaviza\u00e7\u00e3o de rugas e passa a incluir a recomposi\u00e7\u00e3o estrutural facial ap\u00f3s mudan\u00e7as significativas no corpo.<\/p>\n<h2>Uma Mudan\u00e7a no Entendimento do Rejuvenescimento Facial<\/h2>\n<p>O que se observa \u00e9 o surgimento de uma nova demanda cl\u00ednica diretamente associada \u00e0 perda de peso acelerada. Enquanto anteriormente as queixas mais comuns relacionavam-se a rugas ou reposi\u00e7\u00e3o de volume, cresce agora o interesse por abordagens que considerem o reposicionamento facial ap\u00f3s transforma\u00e7\u00f5es corporais significativas.<\/p>\n<p>Essa mudan\u00e7a reflete uma amplia\u00e7\u00e3o importante no entendimento do rejuvenescimento facial contempor\u00e2neo. N\u00e3o se trata apenas de tratar rugas ou defici\u00eancia de volume, mas de lidar com altera\u00e7\u00f5es estruturais espec\u00edficas que surgem com a perda de peso acelerada. A especialista conclui que o resultado \u00e9 uma transforma\u00e7\u00e3o no conceito de envelhecimento facial, considerando agora fatores estruturais que n\u00e3o eram previamente contemplados nas abordagens tradicionais de est\u00e9tica facial.<\/p>","protected":false},"excerpt":{"rendered":"<p>Descubra como canetas emagrecedoras e perda r\u00e1pida de peso afetam a apar\u00eancia facial. Conhe\u00e7a os sinais e as novas t\u00e9cnicas est\u00e9ticas dispon\u00edveis.<\/p>","protected":false},"author":4,"featured_media":25455,"comment_status":"open","ping_status":"open","sticky":false,"template":"","format":"standard","meta":{"_crdt_document":"","footnotes":""},"categories":[8],"tags":[],"class_list":["post-25460","post","type-post","status-publish","format-standard","has-post-thumbnail","hentry","category-saude-natural"],"brizy_media":[],"_links":{"self":[{"href":"https:\/\/jornalcorporativo.com.br\/en\/wp-json\/wp\/v2\/posts\/25460","targetHints":{"allow":["GET"]}}],"collection":[{"href":"https:\/\/jornalcorporativo.com.br\/en\/wp-json\/wp\/v2\/posts"}],"about":[{"href":"https:\/\/jornalcorporativo.com.br\/en\/wp-json\/wp\/v2\/types\/post"}],"author":[{"embeddable":true,"href":"https:\/\/jornalcorporativo.com.br\/en\/wp-json\/wp\/v2\/users\/4"}],"replies":[{"embeddable":true,"href":"https:\/\/jornalcorporativo.com.br\/en\/wp-json\/wp\/v2\/comments?post=25460"}],"version-history":[{"count":0,"href":"https:\/\/jornalcorporativo.com.br\/en\/wp-json\/wp\/v2\/posts\/25460\/revisions"}],"wp:featuredmedia":[{"embeddable":true,"href":"https:\/\/jornalcorporativo.com.br\/en\/wp-json\/wp\/v2\/media\/25455"}],"wp:attachment":[{"href":"https:\/\/jornalcorporativo.com.br\/en\/wp-json\/wp\/v2\/media?parent=25460"}],"wp:term":[{"taxonomy":"category","embeddable":true,"href":"https:\/\/jornalcorporativo.com.br\/en\/wp-json\/wp\/v2\/categories?post=25460"},{"taxonomy":"post_tag","embeddable":true,"href":"https:\/\/jornalcorporativo.com.br\/en\/wp-json\/wp\/v2\/tags?post=25460"}],"curies":[{"name":"wp","href":"https:\/\/api.w.org\/{rel}","templated":true}]}}