{"id":25461,"date":"2026-05-01T08:00:51","date_gmt":"2026-05-01T11:00:51","guid":{"rendered":"https:\/\/jornalcorporativo.com.br\/redacao\/fernanda-rodrigues-lucca-picon-serie-portuguesa-amici\/"},"modified":"2026-05-01T08:00:51","modified_gmt":"2026-05-01T11:00:51","slug":"fernanda-rodrigues-lucca-picon-serie-portuguesa-amici","status":"publish","type":"post","link":"https:\/\/jornalcorporativo.com.br\/en\/internacional\/fernanda-rodrigues-lucca-picon-serie-portuguesa-amici\/","title":{"rendered":"Fernanda Rodrigues e Lucca Picon formam dupla m\u00e3e e filho em s\u00e9rie portuguesa &#8216;Amici&#8217; da RTP"},"content":{"rendered":"<h2>Nova S\u00e9rie Portuguesa Re\u00fane Fernanda Rodrigues e Lucca Picon<\/h2>\n<p>A atriz Fernanda Rodrigues e o ator Lucca Picon integrar\u00e3o o elenco da s\u00e9rie portuguesa &#8220;Amici&#8221;, produ\u00e7\u00e3o da emissora RTP que promete explorar temas universais como amor, amizade e relacionamentos familiares. Na trama, os dois artistas interpretar\u00e3o uma rela\u00e7\u00e3o de m\u00e3e e filho, sob a dire\u00e7\u00e3o criativa de Gon\u00e7alo Braga, um dos nomes respeitados do cinema e televis\u00e3o portugu\u00eas.<\/p>\n<p>As grava\u00e7\u00f5es da produ\u00e7\u00e3o est\u00e3o programadas para come\u00e7ar ainda neste m\u00eas, marcando o in\u00edcio de mais um cap\u00edtulo importante para ambos os atores em suas carreiras art\u00edsticas. A s\u00e9rie contar\u00e1 com quatro epis\u00f3dios que ser\u00e3o lan\u00e7ados semanalmente, permitindo que o p\u00fablico acompanhe a narrativa de forma gradual e envolvente.<\/p>\n<h2>A Trajet\u00f3ria de Lucca Picon na Televis\u00e3o<\/h2>\n<p>Lucca Picon consolidou sua presen\u00e7a na ind\u00fastria do entretenimento atrav\u00e9s de pap\u00e9is memor\u00e1veis em produ\u00e7\u00f5es de destaque. O ator \u00e9 amplamente conhecido por sua participa\u00e7\u00e3o na s\u00e9rie &#8220;Malha\u00e7\u00e3o: toda forma de amar&#8221;, exibida em 2019, que o apresentou a milh\u00f5es de telespectadores brasileiros. Desde ent\u00e3o, sua carreira tem evolu\u00eddo significativamente.<\/p>\n<p>Ap\u00f3s sua participa\u00e7\u00e3o em Malha\u00e7\u00e3o, Picon protagonizou e participou de diversos projetos audiovisuais de relev\u00e2ncia. Entre suas realiza\u00e7\u00f5es mais recentes est\u00e3o pap\u00e9is em &#8220;Confiss\u00f5es de uma garota exclu\u00edda&#8221; (2021), &#8220;Todas as garotas em mim&#8221; (2022) e &#8220;De volta aos 15&#8221; (2022), demonstrando versatilidade ao trabalhar em diferentes g\u00eaneros e formatos de produ\u00e7\u00e3o.<\/p>\n<h2>Vida Pessoal e Carreira em Expans\u00e3o<\/h2>\n<p>No final do ano passado, Lucca Picon confirmou seu envolvimento rom\u00e2ntico com Luana Marquezine, irm\u00e3 da famosa atriz Bruna Marquezine. O relacionamento do ator tem atra\u00eddo aten\u00e7\u00e3o da m\u00eddia especializada em celebridades, refletindo o interesse p\u00fablico cont\u00ednuo na vida pessoal dos artistas da televis\u00e3o.<\/p>\n<p>A participa\u00e7\u00e3o de Lucca Picon em &#8220;Amici&#8221; representa uma expans\u00e3o natural de sua carreira, levando sua experi\u00eancia para o mercado televisivo europeu. Trabalhar ao lado de Fernanda Rodrigues, profissional consagrada na dramaturgia portuguesa e brasileira, oferece ao ator a oportunidade de colaborar com talentos consolidados e expandir seu portf\u00f3lio internacional.<\/p>\n<h2>A Produ\u00e7\u00e3o de &#8220;Amici&#8221; e Seu Contexto<\/h2>\n<p>A s\u00e9rie &#8220;Amici&#8221; \u00e9 uma produ\u00e7\u00e3o que promete explorar sentimentos e conex\u00f5es humanas atrav\u00e9s de narrativas contempor\u00e2neas. Com dire\u00e7\u00e3o de Gon\u00e7alo Braga, a produ\u00e7\u00e3o busca apresentar hist\u00f3rias que ressoem com diferentes p\u00fablicos, focando em aspectos emocionais e psicol\u00f3gicos das rela\u00e7\u00f5es entre pessoas.<\/p>\n<p>A escolha de distribuir quatro epis\u00f3dios semanalmente segue a tend\u00eancia moderna de produ\u00e7\u00e3o televisiva, permitindo que o p\u00fablico mantenha interesse cont\u00ednuo na narrativa e facilitando o acompanhamento atrav\u00e9s das plataformas digitais da RTP.<\/p>","protected":false},"excerpt":{"rendered":"<p>Fernanda Rodrigues e Lucca Picon atuar\u00e3o como m\u00e3e e filho na s\u00e9rie portuguesa &#8216;Amici&#8217; da RTP, com dire\u00e7\u00e3o de Gon\u00e7alo Braga. Grava\u00e7\u00f5es iniciam este m\u00eas.<\/p>","protected":false},"author":4,"featured_media":25456,"comment_status":"open","ping_status":"open","sticky":false,"template":"","format":"standard","meta":{"_crdt_document":"","footnotes":""},"categories":[2],"tags":[],"class_list":["post-25461","post","type-post","status-publish","format-standard","has-post-thumbnail","hentry","category-internacional"],"brizy_media":[],"_links":{"self":[{"href":"https:\/\/jornalcorporativo.com.br\/en\/wp-json\/wp\/v2\/posts\/25461","targetHints":{"allow":["GET"]}}],"collection":[{"href":"https:\/\/jornalcorporativo.com.br\/en\/wp-json\/wp\/v2\/posts"}],"about":[{"href":"https:\/\/jornalcorporativo.com.br\/en\/wp-json\/wp\/v2\/types\/post"}],"author":[{"embeddable":true,"href":"https:\/\/jornalcorporativo.com.br\/en\/wp-json\/wp\/v2\/users\/4"}],"replies":[{"embeddable":true,"href":"https:\/\/jornalcorporativo.com.br\/en\/wp-json\/wp\/v2\/comments?post=25461"}],"version-history":[{"count":0,"href":"https:\/\/jornalcorporativo.com.br\/en\/wp-json\/wp\/v2\/posts\/25461\/revisions"}],"wp:featuredmedia":[{"embeddable":true,"href":"https:\/\/jornalcorporativo.com.br\/en\/wp-json\/wp\/v2\/media\/25456"}],"wp:attachment":[{"href":"https:\/\/jornalcorporativo.com.br\/en\/wp-json\/wp\/v2\/media?parent=25461"}],"wp:term":[{"taxonomy":"category","embeddable":true,"href":"https:\/\/jornalcorporativo.com.br\/en\/wp-json\/wp\/v2\/categories?post=25461"},{"taxonomy":"post_tag","embeddable":true,"href":"https:\/\/jornalcorporativo.com.br\/en\/wp-json\/wp\/v2\/tags?post=25461"}],"curies":[{"name":"wp","href":"https:\/\/api.w.org\/{rel}","templated":true}]}}